{"id":6497,"date":"2025-12-08T06:08:18","date_gmt":"2025-12-08T06:08:18","guid":{"rendered":"https:\/\/grandslacstv.info\/?p=6497"},"modified":"2025-12-08T06:08:18","modified_gmt":"2025-12-08T06:08:18","slug":"violences-les-nations-unies-accusent-larmee-du-rwanda-davoir-pris-part-directement-a-des-exactions-dans-lest-de-la-rdc","status":"publish","type":"post","link":"https:\/\/grandslacstv.info\/index.php\/2025\/12\/08\/violences-les-nations-unies-accusent-larmee-du-rwanda-davoir-pris-part-directement-a-des-exactions-dans-lest-de-la-rdc\/","title":{"rendered":"RDC: L&#8217;ONU accuse l\u2019arm\u00e9e du Rwanda d\u2019avoir pris part directement \u00e0 des exactions dans l\u2019est de la RDC"},"content":{"rendered":"<p>Selon un rapport r\u00e9dig\u00e9 par des experts de l\u2019ONU et consult\u00e9 par l\u2019AFP ce dimanche 7 d\u00e9cembre, le groupe arm\u00e9 M23 et l\u2019arm\u00e9e rwandaise ont commis des ex\u00e9cutions sommaires et provoqu\u00e9 des d\u00e9placements massifs de populations dans l\u2019est de la r\u00e9publique d\u00e9mocratique du Congo (RDC). Le document, pr\u00e9par\u00e9 par des chercheurs mandat\u00e9s par le Conseil de s\u00e9curit\u00e9 des Nations unies, doit \u00eatre publi\u00e9 prochainement. Dans l\u2019Est congolais, r\u00e9gion riche en ressources, frontali\u00e8re du Rwanda et en proie \u00e0 des conflits depuis plus de trente ans, les violences se sont intensifi\u00e9es ces derniers mois, notamment avec la prise fin janvier par le M23, appuy\u00e9 par l\u2019arm\u00e9e rwandaise, de la grande ville de Goma. La RDC et le Rwanda ont ent\u00e9rin\u00e9 jeudi \u00e0 Washington un accord cens\u00e9 mettre un terme au conflit.<\/p>\n<p>D\u00e9but ao\u00fbt, l\u2019ONU avait accus\u00e9 le M23 d\u2019avoir tu\u00e9 319 civils dans la province du Nord-Kivu, des actes principalement commis dans des territoires jouxtant la fronti\u00e8re rwandaise et le parc national des Virunga. Le groupe d\u2019experts de l\u2019ONU affirme que les forces arm\u00e9es rwandaises (RDF) ont directement pris part \u00e0 ces op\u00e9rations du M23 visant les Forces d\u00e9mocratiques de lib\u00e9ration du Rwanda (FDLR), groupe arm\u00e9 form\u00e9 d\u2019anciens responsables du g\u00e9nocide rwandais de 1994 et r\u00e9fugi\u00e9 en RDC. Le M23 et les soldats rwandais ont commis \u00abdes ex\u00e9cutions sommaires, des arrestations et d\u00e9tentions arbitraires\u00bb, et provoqu\u00e9 \u00able d\u00e9placement massif de populations\u00bb, selon les experts. Au cours de ces op\u00e9rations, les soldats rwandais et le M23 \u00abont syst\u00e9matiquement d\u00e9truit et incendi\u00e9 des habitations civiles appartenant \u00e0 des membres des FDLR\u00bb, ajoutent-ils, \u00e9voquant un \u00abciblage d\u00e9lib\u00e9r\u00e9 et syst\u00e9matique\u00bb des FDLR \u00abet des civils qui leur sont associ\u00e9s, principalement issus de la communaut\u00e9 hutu\u00bb.<\/p>\n<p>Selon le rapport, \u00abau moins 6 000 \u00e0 7 000 \u00e9l\u00e9ments des RDF, constituant au minimum deux brigades et deux bataillons de forces sp\u00e9ciales\u00bb sont toujours d\u00e9ploy\u00e9s dans les provinces congolaises du Nord-Kivu et du Sud-Kivu. Kigali et le M23 ont toujours ni\u00e9 leurs liens. Le groupe d\u2019experts de l\u2019ONU a toutefois d\u00e9j\u00e0 point\u00e9 le r\u00f4le d\u00e9terminant du Rwanda dans le conflit dans l\u2019est de la RDC et dans la prise de Goma en janvier. Le M23, qui clame sa volont\u00e9 de renverser le r\u00e9gime du pr\u00e9sident congolais, F\u00e9lix Tshisekedi, est par ailleurs le \u00abprincipal auteur\u00bb des violations des droits humains document\u00e9es par l\u2019ONU entre avril et octobre en RDC, indique le rapport. Le groupe arm\u00e9 est notamment responsable de 45 % des ex\u00e9cutions sommaires enregistr\u00e9es dans le pays, et a men\u00e9 une campagne de \u00abrecrutement forc\u00e9 syst\u00e9matique\u00bb dans \u00abtoutes les zones\u00bb qu\u2019il occupe, expliquent les experts. De son c\u00f4t\u00e9, le gouvernement congolais \u00aba continu\u00e9 \u00e0 coop\u00e9rer avec le FDLR\u00bb, apr\u00e8s s\u2019\u00eatre engag\u00e9 \u00e0 les neutraliser, comme le pr\u00e9voit l\u2019accord de Washington, affirme le rapport.<\/p>\n<p>AFP<\/p>\n<p>&nbsp;<\/p>\n<p>&nbsp;<\/p>\n","protected":false},"excerpt":{"rendered":"Selon un rapport r\u00e9dig\u00e9 par des experts de l\u2019ONU et consult\u00e9 par l\u2019AFP ce dimanche 7 d\u00e9cembre, le&hellip;","protected":false},"author":1,"featured_media":6498,"comment_status":"open","ping_status":"open","sticky":false,"template":"","format":"standard","meta":{"csco_display_header_overlay":false,"csco_singular_sidebar":"","csco_page_header_type":"","csco_page_load_nextpost":"","csco_post_video_location":[],"csco_post_video_location_hash":"","csco_post_video_url":"","csco_post_video_bg_start_time":0,"csco_post_video_bg_end_time":0,"footnotes":""},"categories":[22,23],"tags":[],"class_list":{"0":"post-6497","1":"post","2":"type-post","3":"status-publish","4":"format-standard","5":"has-post-thumbnail","7":"category-actualite","8":"category-politique","9":"cs-entry","10":"cs-video-wrap"},"_links":{"self":[{"href":"https:\/\/grandslacstv.info\/index.php\/wp-json\/wp\/v2\/posts\/6497","targetHints":{"allow":["GET"]}}],"collection":[{"href":"https:\/\/grandslacstv.info\/index.php\/wp-json\/wp\/v2\/posts"}],"about":[{"href":"https:\/\/grandslacstv.info\/index.php\/wp-json\/wp\/v2\/types\/post"}],"author":[{"embeddable":true,"href":"https:\/\/grandslacstv.info\/index.php\/wp-json\/wp\/v2\/users\/1"}],"replies":[{"embeddable":true,"href":"https:\/\/grandslacstv.info\/index.php\/wp-json\/wp\/v2\/comments?post=6497"}],"version-history":[{"count":0,"href":"https:\/\/grandslacstv.info\/index.php\/wp-json\/wp\/v2\/posts\/6497\/revisions"}],"wp:featuredmedia":[{"embeddable":true,"href":"https:\/\/grandslacstv.info\/index.php\/wp-json\/"}],"wp:attachment":[{"href":"https:\/\/grandslacstv.info\/index.php\/wp-json\/wp\/v2\/media?parent=6497"}],"wp:term":[{"taxonomy":"category","embeddable":true,"href":"https:\/\/grandslacstv.info\/index.php\/wp-json\/wp\/v2\/categories?post=6497"},{"taxonomy":"post_tag","embeddable":true,"href":"https:\/\/grandslacstv.info\/index.php\/wp-json\/wp\/v2\/tags?post=6497"}],"curies":[{"name":"wp","href":"https:\/\/api.w.org\/{rel}","templated":true}]}}