{"id":6173,"date":"2025-10-13T20:29:18","date_gmt":"2025-10-13T20:29:18","guid":{"rendered":"https:\/\/grandslacstv.info\/?p=6173"},"modified":"2025-10-13T20:29:18","modified_gmt":"2025-10-13T20:29:18","slug":"le-cadre-de-concertation-territoriale-de-la-societe-civile-cctsc-de-mwenga-tire-la-sonnette-dalarme-urgence-dune-meilleure-prise-en-charge-de-la-sante-mentale-en-rdc","status":"publish","type":"post","link":"https:\/\/grandslacstv.info\/index.php\/2025\/10\/13\/le-cadre-de-concertation-territoriale-de-la-societe-civile-cctsc-de-mwenga-tire-la-sonnette-dalarme-urgence-dune-meilleure-prise-en-charge-de-la-sante-mentale-en-rdc\/","title":{"rendered":"Le Cadre de Concertation Territoriale de la Soci\u00e9t\u00e9 Civile (CCTSC) de Mwenga tire la sonnette d&#8217;alarme : Urgence d&#8217;une meilleure prise en charge de la sant\u00e9 mentale en RDC"},"content":{"rendered":"<p><strong>\u00c0 l&#8217;occasion de la Journ\u00e9e Mondiale de la Sant\u00e9 Mentale, c\u00e9l\u00e9br\u00e9e le 10 octobre sous le th\u00e8me : &#8220;Promouvoir la Sant\u00e9 Mentale et le soutien psychosocial pour une paix durable en RDC&#8221;, le Cadre de Concertation Territoriale de la Soci\u00e9t\u00e9 Civile (CCTSC) de Mwenga a lanc\u00e9 un appel vibrant au gouvernement congolais.<\/strong><\/p>\n<p>Le CCTSC de Mwenga constate avec une vive pr\u00e9occupation l&#8217;augmentation des cas de pathologies mentales et psychosociales qui affectent la population dans les zones de sant\u00e9 de <strong>Kitutu, Kamituga, Mwenga et Mwana<\/strong> en Territoire de Mwenga. Parmi ces troubles, on retrouve des cas de d\u00e9pression, de psychoses, d&#8217;anxi\u00e9t\u00e9, de traumatismes, de tentatives de suicide, de plaintes \u00e9motionnelles, d&#8217;\u00e9pilepsie, de troubles li\u00e9s \u00e0 la consommation d&#8217;alcool, et de stress post-traumatique.<\/p>\n<p>Ces probl\u00e8mes sont le reflet direct des conditions de vie extr\u00eamement difficiles que traverse la population, et qui n\u00e9cessitent une <strong>prise en charge psychosociale communautaire urgente<\/strong> par des professionnels qualifi\u00e9s.<\/p>\n<p>Le Territoire de Mwenga, en effet, n&#8217;est pas \u00e9pargn\u00e9 par les lourdes cons\u00e9quences psychologiques de la crise s\u00e9curitaire qui s\u00e9vit dans le pays. Les violences sexuelles utilis\u00e9es comme arme de guerre, la perte de proches, les d\u00e9placements forc\u00e9s, l&#8217;incertitude vitale et le stress chronique sont autant de facteurs qui alimentent cette crise de sant\u00e9 mentale.<\/p>\n<p>Pour rem\u00e9dier \u00e0 cette situation critique, le CCTSC de Mwenga exhorte le gouvernement de la R\u00e9publique D\u00e9mocratique du Congo \u00e0 :<\/p>\n<ol>\n<li><strong>\u00c9largir l&#8217;acc\u00e8s aux soins de sant\u00e9 mentale<\/strong> en les rendant disponibles jusqu&#8217;au niveau des centres de sant\u00e9.<\/li>\n<li><strong>Renforcer les services de sant\u00e9 mentale<\/strong> dans les zones de sant\u00e9 de <strong>Mwana, Mwenga, Kamituga et Kitutu<\/strong> pour garantir une meilleure prise en charge et un soutien psychosocial communautaire efficace.<\/li>\n<\/ol>\n<p>Enfin, la soci\u00e9t\u00e9 civile de Mwenga insiste sur l&#8217;importance d&#8217;<strong>\u00e9viter la stigmatisation<\/strong> envers les personnes souffrant de pathologies mentales, rappelant avec force que <strong>la maladie mentale est gu\u00e9rissable<\/strong>. L&#8217;appel est lanc\u00e9 \u00e0 la communaut\u00e9 pour un engagement collectif afin que le soutien \u00e0 la sant\u00e9 mentale soit disponible d\u00e8s que le besoin se fait sentir.<\/p>\n","protected":false},"excerpt":{"rendered":"\u00c0 l&#8217;occasion de la Journ\u00e9e Mondiale de la Sant\u00e9 Mentale, c\u00e9l\u00e9br\u00e9e le 10 octobre sous le th\u00e8me :&hellip;","protected":false},"author":1,"featured_media":6174,"comment_status":"open","ping_status":"open","sticky":false,"template":"","format":"standard","meta":{"csco_display_header_overlay":false,"csco_singular_sidebar":"","csco_page_header_type":"","csco_page_load_nextpost":"","csco_post_video_location":[],"csco_post_video_location_hash":"","csco_post_video_url":"","csco_post_video_bg_start_time":0,"csco_post_video_bg_end_time":0,"footnotes":""},"categories":[22,21],"tags":[],"class_list":{"0":"post-6173","1":"post","2":"type-post","3":"status-publish","4":"format-standard","5":"has-post-thumbnail","7":"category-actualite","8":"category-societe","9":"cs-entry","10":"cs-video-wrap"},"_links":{"self":[{"href":"https:\/\/grandslacstv.info\/index.php\/wp-json\/wp\/v2\/posts\/6173","targetHints":{"allow":["GET"]}}],"collection":[{"href":"https:\/\/grandslacstv.info\/index.php\/wp-json\/wp\/v2\/posts"}],"about":[{"href":"https:\/\/grandslacstv.info\/index.php\/wp-json\/wp\/v2\/types\/post"}],"author":[{"embeddable":true,"href":"https:\/\/grandslacstv.info\/index.php\/wp-json\/wp\/v2\/users\/1"}],"replies":[{"embeddable":true,"href":"https:\/\/grandslacstv.info\/index.php\/wp-json\/wp\/v2\/comments?post=6173"}],"version-history":[{"count":0,"href":"https:\/\/grandslacstv.info\/index.php\/wp-json\/wp\/v2\/posts\/6173\/revisions"}],"wp:featuredmedia":[{"embeddable":true,"href":"https:\/\/grandslacstv.info\/index.php\/wp-json\/"}],"wp:attachment":[{"href":"https:\/\/grandslacstv.info\/index.php\/wp-json\/wp\/v2\/media?parent=6173"}],"wp:term":[{"taxonomy":"category","embeddable":true,"href":"https:\/\/grandslacstv.info\/index.php\/wp-json\/wp\/v2\/categories?post=6173"},{"taxonomy":"post_tag","embeddable":true,"href":"https:\/\/grandslacstv.info\/index.php\/wp-json\/wp\/v2\/tags?post=6173"}],"curies":[{"name":"wp","href":"https:\/\/api.w.org\/{rel}","templated":true}]}}