{"id":6015,"date":"2025-09-10T20:06:40","date_gmt":"2025-09-10T20:06:40","guid":{"rendered":"https:\/\/grandslacstv.info\/?p=6015"},"modified":"2025-09-10T20:06:40","modified_gmt":"2025-09-10T20:06:40","slug":"rdc-jacquemain-shabani-a-la-tete-dune-mission-gouvernementale-a-uvira-sous-tensions","status":"publish","type":"post","link":"https:\/\/grandslacstv.info\/index.php\/2025\/09\/10\/rdc-jacquemain-shabani-a-la-tete-dune-mission-gouvernementale-a-uvira-sous-tensions\/","title":{"rendered":"RDC : Jacquemain Shabani \u00e0 la t\u00eate d&#8217;une mission gouvernementale \u00e0 Uvira sous tensions"},"content":{"rendered":"<p>Comme annonc\u00e9, une mission gouvernementale est en route vers la ville d\u2019Uvira. Elle est conduite par le Vice-premier ministre de l\u2019int\u00e9rieur et s\u00e9curit\u00e9, Jacquemain Shabani. La mission a quitt\u00e9 Kinshasa cet avant-midi via Bujumbura pour tenter de calmer la situation tendue \u00e0 Uvira depuis plusieurs jours suite \u00e0 des mouvements de contestation de l\u2019affectation du g\u00e9n\u00e9ral Olivier Gasita Mukunda, comme commandant adjoint de la 33\u1d49 r\u00e9gion militaire, en charge des op\u00e9rations et des renseignements.<\/p>\n<p>La question a fait l\u2019objet d\u2019une r\u00e9union interinstitutionnelle pr\u00e9sid\u00e9e le lundi 8 septembre par F\u00e9lix Tshisekedi \u00e0 Kinshasa. \u00ab Le Chef de l\u2019\u00c9tat est pr\u00e9occup\u00e9 par cette situation et y cherche des solutions \u00e0 travers une mission gouvernementale qui est diligent\u00e9e \u00e0 Uvira, en vue de trouver la solution \u00e0 cette question. \u00bb, avait d\u00e9clar\u00e9 le pr\u00e9sident de l&#8217;Assembl\u00e9e nationale Vital Kamerhe faisant la restitution de cette s\u00e9ance de travail.<\/p>\n<p>Depuis mardi 2 septembre, Uvira, deuxi\u00e8me ville du Sud-Kivu, est paralys\u00e9e par des actions men\u00e9es par des wazalendo, cens\u00e9s appuyer l\u2019arm\u00e9e congolaise face \u00e0 la r\u00e9bellion de l\u2019AFC\/M23. Pour les wazalendo et d\u2019autres couches sociales d\u2019Uvira, le g\u00e9n\u00e9ral de Brigade Olivier Gasita serait de m\u00e8che avec la r\u00e9bellion de l&#8217;AFC\/M23 soutenue par le Rwanda.<\/p>\n<p>En r\u00e9action, les forces arm\u00e9es de la R\u00e9publique d\u00e9mocratique du Congo (FARDC) ont d\u00e9fendu samedi le g\u00e9n\u00e9ral de Brigade Olivier Gasita contest\u00e9 par des groupes arm\u00e9s suppl\u00e9tifs dans l\u2019Est du pays, alors que la ville d\u2019Uvira (Sud-Kivu) conna\u00eet depuis plusieurs jours des tensions marqu\u00e9es par des journ\u00e9es \u00ab ville morte \u00bb et des tirs sporadiques.<\/p>\n<p>Actualite.cd<\/p>\n","protected":false},"excerpt":{"rendered":"Comme annonc\u00e9, une mission gouvernementale est en route vers la ville d\u2019Uvira. Elle est conduite par le Vice-premier&hellip;","protected":false},"author":1,"featured_media":6020,"comment_status":"open","ping_status":"open","sticky":false,"template":"","format":"standard","meta":{"csco_display_header_overlay":false,"csco_singular_sidebar":"","csco_page_header_type":"","csco_page_load_nextpost":"","csco_post_video_location":[],"csco_post_video_location_hash":"","csco_post_video_url":"","csco_post_video_bg_start_time":0,"csco_post_video_bg_end_time":0,"footnotes":""},"categories":[22,23],"tags":[],"class_list":{"0":"post-6015","1":"post","2":"type-post","3":"status-publish","4":"format-standard","5":"has-post-thumbnail","7":"category-actualite","8":"category-politique","9":"cs-entry","10":"cs-video-wrap"},"_links":{"self":[{"href":"https:\/\/grandslacstv.info\/index.php\/wp-json\/wp\/v2\/posts\/6015","targetHints":{"allow":["GET"]}}],"collection":[{"href":"https:\/\/grandslacstv.info\/index.php\/wp-json\/wp\/v2\/posts"}],"about":[{"href":"https:\/\/grandslacstv.info\/index.php\/wp-json\/wp\/v2\/types\/post"}],"author":[{"embeddable":true,"href":"https:\/\/grandslacstv.info\/index.php\/wp-json\/wp\/v2\/users\/1"}],"replies":[{"embeddable":true,"href":"https:\/\/grandslacstv.info\/index.php\/wp-json\/wp\/v2\/comments?post=6015"}],"version-history":[{"count":0,"href":"https:\/\/grandslacstv.info\/index.php\/wp-json\/wp\/v2\/posts\/6015\/revisions"}],"wp:featuredmedia":[{"embeddable":true,"href":"https:\/\/grandslacstv.info\/index.php\/wp-json\/"}],"wp:attachment":[{"href":"https:\/\/grandslacstv.info\/index.php\/wp-json\/wp\/v2\/media?parent=6015"}],"wp:term":[{"taxonomy":"category","embeddable":true,"href":"https:\/\/grandslacstv.info\/index.php\/wp-json\/wp\/v2\/categories?post=6015"},{"taxonomy":"post_tag","embeddable":true,"href":"https:\/\/grandslacstv.info\/index.php\/wp-json\/wp\/v2\/tags?post=6015"}],"curies":[{"name":"wp","href":"https:\/\/api.w.org\/{rel}","templated":true}]}}