{"id":6008,"date":"2025-09-10T19:42:12","date_gmt":"2025-09-10T19:42:12","guid":{"rendered":"https:\/\/grandslacstv.info\/?p=6008"},"modified":"2025-09-10T19:42:12","modified_gmt":"2025-09-10T19:42:12","slug":"rdc-lunion-africaine-condamne-les-atrocites-commises-contre-les-civils-dans-la-province-du-nord-kivu","status":"publish","type":"post","link":"https:\/\/grandslacstv.info\/index.php\/2025\/09\/10\/rdc-lunion-africaine-condamne-les-atrocites-commises-contre-les-civils-dans-la-province-du-nord-kivu\/","title":{"rendered":"RDC: L&#8217;Union africaine condamne les atrocit\u00e9s commises contre les civils dans la province du Nord-Kivu"},"content":{"rendered":"<p>La situation dans l&#8217;est de la R\u00e9publique D\u00e9mocratique du Congo demeure extr\u00eamement pr\u00e9occupante. Outre l&#8217;activisme de la r\u00e9bellion AFC\/M23, soutenue par le Rwanda, les Forces D\u00e9mocratiques Alli\u00e9es (ADF) continuent de mener des attaques meurtri\u00e8res. Malgr\u00e9 l&#8217;\u00e9tat de si\u00e8ge en vigueur dans les zones contr\u00f4l\u00e9es par le gouvernement, pr\u00e8s de 100 civils ont \u00e9t\u00e9 tu\u00e9s lors d&#8217;attaques perp\u00e9tr\u00e9es par les ADF dans les territoires de Lubero et de Beni, au Nord-Kivu, au cours des deux derniers jours.<\/p>\n<p>Le Pr\u00e9sident de la Commission de l&#8217;Union africaine, Mahmoud Ali Youssouf dit avoir appris avec une profonde consternation ces actes de violence des ADF dans le village de Ntoyo, dans le secteur de Bapere, faisant au moins 72 morts.<\/p>\n<blockquote><p>Le Pr\u00e9sident de la Commission condamne avec la plus grande fermet\u00e9 cette attaque barbare ainsi que l\u2019ensemble des violences r\u00e9currentes qui continuent de viser les populations civiles dans l\u2019est de la RDC. Il souligne que de tels actes constituent des violations graves du droit international humanitaire et des droits de l\u2019homme et appelle \u00e0 ce que leurs auteurs soient identifi\u00e9s et traduits en justice, afin de mettre un terme \u00e0 l\u2019impunit\u00e9 qui alimente la r\u00e9p\u00e9tition de ces atrocit\u00e9s.<\/p><\/blockquote>\n<p>Selon le<a href=\"https:\/\/au.int\/fr\/pressreleases\/20250910\/lua-condamne-les-atrocites-commises-contre-les-civils-dans-le-nord-kivu\"> communiqu\u00e9<\/a>, le Pr\u00e9sident de la Commission r\u00e9it\u00e8re la solidarit\u00e9 de l\u2019Union africaine avec le Gouvernement et le peuple de la RDC dans ces circonstances douloureuses. Il assure \u00e9galement de l\u2019engagement constant de l\u2019Union africaine \u00e0 soutenir les efforts r\u00e9gionaux et internationaux en vue du r\u00e9tablissement de la paix, de la s\u00e9curit\u00e9 et de la stabilit\u00e9 dans la r\u00e9gion des Grands Lacs.<\/p>\n<p>Le gouvernement de la R\u00e9publique D\u00e9mocratique du Congo a annonc\u00e9 que 80 personnes ont \u00e9t\u00e9 tu\u00e9es lors de deux attaques distinctes men\u00e9es par des combattants ADF dans les territoires de Lubero et de Beni (Nord-Kivu) en l&#8217;espace de deux jours. Le gouvernement a fermement condamn\u00e9 ces actes de violence.<\/p>\n<p>Selon un communiqu\u00e9 du minist\u00e8re de la Communication et M\u00e9dias publi\u00e9 le mardi 9 septembre 2025, citant des rapports des autorit\u00e9s provinciales, l&#8217;attaque des ADF \u00e0 Ntoyo, pr\u00e8s de Mangurujipa (territoire de Lubero), a fait 71 morts et plusieurs disparus. Six personnes ont \u00e9galement \u00e9t\u00e9 bless\u00e9es et de nombreuses habitations et v\u00e9hicules ont \u00e9t\u00e9 incendi\u00e9s. Le gouvernement a \u00e9galement signal\u00e9 que 18 personnes ont \u00e9t\u00e9 tu\u00e9es par les ADF mardi soir dans les villages de Fotodu et d&#8217;Avey (territoire de Beni).<\/p>\n<p>Il s&#8217;agit de l&#8217;attaque la plus meurtri\u00e8re enregistr\u00e9e dans le secteur des Bapere (territoire de Lubero), o\u00f9 les combattants des ADF op\u00e8rent depuis plus d&#8217;un an. Une source s\u00e9curitaire a d\u00e9clar\u00e9 avoir compt\u00e9 72 corps sur les lieux de l&#8217;attaque \u00e0 Ntoyo, dont 26 personnes tu\u00e9es alors qu&#8217;elles participaient \u00e0 une veill\u00e9e mortuaire. Une centaine de personnes auraient \u00e9t\u00e9 enlev\u00e9es et au moins 16 maisons, 8 motos et deux v\u00e9hicules ont \u00e9t\u00e9 incendi\u00e9s. Ces informations ont \u00e9t\u00e9 corrobor\u00e9es par la soci\u00e9t\u00e9 civile locale.<\/p>\n","protected":false},"excerpt":{"rendered":"La situation dans l&#8217;est de la R\u00e9publique D\u00e9mocratique du Congo demeure extr\u00eamement pr\u00e9occupante. Outre l&#8217;activisme de la r\u00e9bellion&hellip;","protected":false},"author":1,"featured_media":6009,"comment_status":"open","ping_status":"open","sticky":false,"template":"","format":"standard","meta":{"csco_display_header_overlay":false,"csco_singular_sidebar":"","csco_page_header_type":"","csco_page_load_nextpost":"","csco_post_video_location":[],"csco_post_video_location_hash":"","csco_post_video_url":"","csco_post_video_bg_start_time":0,"csco_post_video_bg_end_time":0,"footnotes":""},"categories":[22,21],"tags":[],"class_list":{"0":"post-6008","1":"post","2":"type-post","3":"status-publish","4":"format-standard","5":"has-post-thumbnail","7":"category-actualite","8":"category-societe","9":"cs-entry","10":"cs-video-wrap"},"_links":{"self":[{"href":"https:\/\/grandslacstv.info\/index.php\/wp-json\/wp\/v2\/posts\/6008","targetHints":{"allow":["GET"]}}],"collection":[{"href":"https:\/\/grandslacstv.info\/index.php\/wp-json\/wp\/v2\/posts"}],"about":[{"href":"https:\/\/grandslacstv.info\/index.php\/wp-json\/wp\/v2\/types\/post"}],"author":[{"embeddable":true,"href":"https:\/\/grandslacstv.info\/index.php\/wp-json\/wp\/v2\/users\/1"}],"replies":[{"embeddable":true,"href":"https:\/\/grandslacstv.info\/index.php\/wp-json\/wp\/v2\/comments?post=6008"}],"version-history":[{"count":0,"href":"https:\/\/grandslacstv.info\/index.php\/wp-json\/wp\/v2\/posts\/6008\/revisions"}],"wp:featuredmedia":[{"embeddable":true,"href":"https:\/\/grandslacstv.info\/index.php\/wp-json\/"}],"wp:attachment":[{"href":"https:\/\/grandslacstv.info\/index.php\/wp-json\/wp\/v2\/media?parent=6008"}],"wp:term":[{"taxonomy":"category","embeddable":true,"href":"https:\/\/grandslacstv.info\/index.php\/wp-json\/wp\/v2\/categories?post=6008"},{"taxonomy":"post_tag","embeddable":true,"href":"https:\/\/grandslacstv.info\/index.php\/wp-json\/wp\/v2\/tags?post=6008"}],"curies":[{"name":"wp","href":"https:\/\/api.w.org\/{rel}","templated":true}]}}