{"id":5998,"date":"2025-09-08T20:15:47","date_gmt":"2025-09-08T20:15:47","guid":{"rendered":"https:\/\/grandslacstv.info\/?p=5998"},"modified":"2025-09-08T20:15:47","modified_gmt":"2025-09-08T20:15:47","slug":"le-gouvernement-renverse-la-france-replonge-dans-la-crise","status":"publish","type":"post","link":"https:\/\/grandslacstv.info\/index.php\/2025\/09\/08\/le-gouvernement-renverse-la-france-replonge-dans-la-crise\/","title":{"rendered":"Le gouvernement renvers\u00e9, la France replonge dans la crise"},"content":{"rendered":"<p data-t=\"{&quot;n&quot;:&quot;blueLinks&quot;,&quot;t&quot;:13,&quot;a&quot;:&quot;click&quot;,&quot;b&quot;:76}\"><strong>L\u2019Assembl\u00e9e nationale a renvers\u00e9 lundi le gouvernement du Premier ministre Fran\u00e7ois Bayrou, qui remettra mardi sa d\u00e9mission au pr\u00e9sident Emmanuel Macron apr\u00e8s avoir \u00e9chou\u00e9 \u00e0 convaincre d\u2019adopter des mesures d\u2019aust\u00e9rit\u00e9 budg\u00e9taire, pr\u00e9cipitant la France dans une nouvelle crise politique.<\/strong><\/p>\n<div class=\"intra-article-module\" data-t=\"{&quot;n&quot;:&quot;intraArticle&quot;,&quot;t&quot;:13}\">\n<div class=\"articlePageIntraArticleFullWidth ad-slot-placeholder left-image-intra-ad full-bleed-image-intra-ad collapsed\" data-ad-index=\"0\">\n<div class=\"intra-article-ad-full left-image-intra-ad full-bleed-image-intra-ad\">\n<div class=\"full-bleed-image-intra-ad\"><a class=\"call-to-action-link\" target=\"_blank\" rel=\"noopener noreferrer\">Le chef de l\u2019Etat, qui \u00ab <em>recevra demain le Premier ministre Fran\u00e7ois Bayrou pour accepter la d\u00e9mission de son gouvernement<\/em>\u00ab\u00a0, nommera son successeur \u00ab\u00a0<em>dans les tout prochains jours<\/em>\u00ab\u00a0, a affirm\u00e9 lundi soir la pr\u00e9sidence.<\/a><\/div>\n<\/div>\n<\/div>\n<\/div>\n<p data-t=\"{&quot;n&quot;:&quot;blueLinks&quot;,&quot;t&quot;:13,&quot;a&quot;:&quot;click&quot;,&quot;b&quot;:76}\">Un total de 364 d\u00e9put\u00e9s ont vot\u00e9 contre la confiance au Premier ministre (194 pour), qui avait annonc\u00e9 fin ao\u00fbt engager la responsabilit\u00e9 de son gouvernement sur son impopulaire projet de budget pr\u00e9voyant 44 milliards d\u2019euros d\u2019\u00e9conomies pour 2026.<\/p>\n<p data-t=\"{&quot;n&quot;:&quot;blueLinks&quot;,&quot;t&quot;:13,&quot;a&quot;:&quot;click&quot;,&quot;b&quot;:76}\">Tous les regards sont d\u00e9sormais tourn\u00e9s vers le chef de l\u2019Etat, contraint de trouver son troisi\u00e8me Premier ministre depuis sa d\u00e9cision de dissoudre l\u2019Assembl\u00e9e nationale en juin 2024. Les \u00e9lections, qui avaient suivi la dissolution, avaient d\u00e9gag\u00e9 trois blocs (alliance de gauche, centre-droit, extr\u00eame droite) sans majorit\u00e9 \u00e0 l\u2019Assembl\u00e9e nationale. Depuis, le pays est plong\u00e9 dans une instabilit\u00e9 chronique.<\/p>\n<p data-t=\"{&quot;n&quot;:&quot;blueLinks&quot;,&quot;t&quot;:13,&quot;a&quot;:&quot;click&quot;,&quot;b&quot;:76}\">Apr\u00e8s l\u2019\u00e9ph\u00e9m\u00e8re gouvernement de Michel Barnier (99 jours), le destin de celui de Fran\u00e7ois Bayrou, qui lui avait succ\u00e9d\u00e9 en d\u00e9cembre, \u00e9tait connu. Depuis plusieurs semaines, les partis d\u2019opposition, de l\u2019extr\u00eame gauche \u00e0 l\u2019extr\u00eame droite, avaient annonc\u00e9 qu\u2019ils voteraient non.<\/p>\n<p class=\"continue-read-break\" data-t=\"{&quot;n&quot;:&quot;blueLinks&quot;,&quot;t&quot;:13,&quot;a&quot;:&quot;click&quot;,&quot;b&quot;:76}\">Se sachant condamn\u00e9, Fran\u00e7ois Bayrou a lanc\u00e9 lundi devant l\u2019Assembl\u00e9e nationale un ultime cri d\u2019alarme sur la situation \u00e9conomique de la France, deuxi\u00e8me \u00e9conomie de l\u2019Union europ\u00e9enne.<\/p>\n<p data-t=\"{&quot;n&quot;:&quot;blueLinks&quot;,&quot;t&quot;:13,&quot;a&quot;:&quot;click&quot;,&quot;b&quot;:76}\">Evoquant une \u00ab\u00a0<em>\u00e9preuve de v\u00e9rit\u00e9<\/em>\u00ab\u00a0, il a r\u00e9p\u00e9t\u00e9 que le \u00ab\u00a0<em>pronostic vital<\/em>\u00a0\u00bb du pays \u00e9tait \u00ab\u00a0<em>engag\u00e9<\/em>\u00a0\u00bb en raison de son \u00ab\u00a0<em>surendettement<\/em>\u00ab\u00a0, qui atteint 114% du PIB.<\/p>\n<p data-t=\"{&quot;n&quot;:&quot;blueLinks&quot;,&quot;t&quot;:13,&quot;a&quot;:&quot;click&quot;,&quot;b&quot;:76}\">\u00ab\u00a0Vous avez le pouvoir de renverser le gouvernement, mais vous n\u2019avez pas le pouvoir d\u2019effacer le r\u00e9el\u00a0\u00bb, a-t-il lanc\u00e9 \u00e0 des parlementaires majoritairement hostiles.<\/p>\n<h3 class=\"article-sub-heading\"><strong>\u2013 Equation politique complexe \u2013<\/strong><\/h3>\n<p class=\"\" data-t=\"{&quot;n&quot;:&quot;blueLinks&quot;,&quot;t&quot;:13,&quot;a&quot;:&quot;click&quot;,&quot;b&quot;:76}\">Emmanuel Macron a pour l\u2019instant \u00e9cart\u00e9 la possibilit\u00e9 d\u2019une nouvelle dissolution de l\u2019Assembl\u00e9e nationale, r\u00e9clam\u00e9e \u00e0 cor et \u00e0 cri par l\u2019extr\u00eame droite.<\/p>\n<div class=\"intra-article-module\" data-t=\"{&quot;n&quot;:&quot;intraArticle&quot;,&quot;t&quot;:13}\">\n<div class=\"articlePageIntraArticleFullWidth ad-slot-placeholder left-image-intra-ad full-bleed-image-intra-ad collapsed\" data-ad-index=\"2\">\n<div class=\"intra-article-ad-full left-image-intra-ad full-bleed-image-intra-ad\">\n<div>\n<div class=\"full-bleed-image-intra-ad\">\n<div class=\"content no-image\">\n<div class=\"hide-story-wrapper\">\n<div id=\"hide-story\" class=\"hide-story\"><\/div>\n<\/div>\n<\/div>\n<\/div>\n<\/div>\n<\/div>\n<\/div>\n<\/div>\n<p data-t=\"{&quot;n&quot;:&quot;blueLinks&quot;,&quot;t&quot;:13,&quot;a&quot;:&quot;click&quot;,&quot;b&quot;:76}\">La tenue de nouvelles l\u00e9gislatives n\u2019est \u00ab\u00a0<em>pas une option, mais une obligation<\/em>\u00ab\u00a0, a affirm\u00e9 lundi sa cheffe de file Marine Le Pen, dont le parti Rassemblement national et ses alli\u00e9s sont donn\u00e9s en t\u00eate du premier tour avec 33% des suffrages, devant la gauche et le camp pr\u00e9sidentiel, en cas d\u2019\u00e9lections anticip\u00e9es.<\/p>\n<p data-t=\"{&quot;n&quot;:&quot;blueLinks&quot;,&quot;t&quot;:13,&quot;a&quot;:&quot;click&quot;,&quot;b&quot;:76}\">Le leader de la gauche radicale Jean-Luc M\u00e9lenchon a quant \u00e0 lui r\u00e9it\u00e9r\u00e9 lundi soir son appel au \u00ab\u00a0<em>d\u00e9part<\/em>\u00a0\u00bb d\u2019Emmanuel Macron.<\/p>\n<p data-t=\"{&quot;n&quot;:&quot;blueLinks&quot;,&quot;t&quot;:13,&quot;a&quot;:&quot;click&quot;,&quot;b&quot;:76}\">\u00ab\u00a0<em>Bayrou est tomb\u00e9. Victoire et soulagement populaire. Macron est d\u00e9sormais en premi\u00e8re ligne face au peuple. Lui aussi doit partir\u00a0\u00bb<\/em>, a \u00e9crit sur X le triple candidat \u00e0 la pr\u00e9sidentielle, dont le parti La France insoumise doit d\u00e9poser mardi \u00e0 l\u2019Assembl\u00e9e une motion de destitution du pr\u00e9sident.<\/p>\n<p data-t=\"{&quot;n&quot;:&quot;blueLinks&quot;,&quot;t&quot;:13,&quot;a&quot;:&quot;click&quot;,&quot;b&quot;:76}\">Le Parti socialiste a, lui, r\u00e9p\u00e9t\u00e9 ces derniers jours que la gauche, arriv\u00e9e en t\u00eate aux derni\u00e8res l\u00e9gislatives, devait prendre la t\u00eate du gouvernement.<\/p>\n<p data-t=\"{&quot;n&quot;:&quot;blueLinks&quot;,&quot;t&quot;:13,&quot;a&quot;:&quot;click&quot;,&quot;b&quot;:76}\">\u00ab\u00a0<em>Nous sommes pr\u00eats, qu\u2019il vienne nous chercher<\/em>\u00ab\u00a0, a lanc\u00e9 lundi le pr\u00e9sident du groupe socialiste \u00e0 l\u2019Assembl\u00e9e, Boris Vallaud. Les socialistes ont toutefois pr\u00e9venu qu\u2019ils n\u2019envisageaient qu\u2019un gouvernement de gauche, sans les macronistes.<\/p>\n<p data-t=\"{&quot;n&quot;:&quot;blueLinks&quot;,&quot;t&quot;:13,&quot;a&quot;:&quot;click&quot;,&quot;b&quot;:76}\">Le pr\u00e9sident pourrait plut\u00f4t tenter d\u2019\u00e9largir son bloc central et chercher une personnalit\u00e9 de droite ou du centre qui serait accept\u00e9e par le Parti socialiste, selon son entourage.<\/p>\n<p data-t=\"{&quot;n&quot;:&quot;blueLinks&quot;,&quot;t&quot;:13,&quot;a&quot;:&quot;click&quot;,&quot;b&quot;:76}\">Mais la t\u00e2che s\u2019annonce ardue face \u00e0 des partis qui campent sur leurs positions. Plusieurs noms circulent, dont ceux des ministres des Arm\u00e9es S\u00e9bastien Lecornu, de la Justice G\u00e9rald Darmanin ou de l\u2019Economie \u00c9ric Lombard.<\/p>\n<h3 class=\"article-sub-heading\"><strong>\u2013 Mouvements sociaux \u2013<\/strong><\/h3>\n<p data-t=\"{&quot;n&quot;:&quot;blueLinks&quot;,&quot;t&quot;:13,&quot;a&quot;:&quot;click&quot;,&quot;b&quot;:76}\">\u00ab\u00a0<em>Le probl\u00e8me actuel en France, c\u2019est que chacun (des partis) a des lignes rouges (qui) rendent totalement impossible la formation d\u2019une coalition. Il n\u2019y a pas de coalition majoritaire qui puisse tenir durablement<\/em>\u00ab\u00a0, estime pour l\u2019AFP Mathieu Gallard, de l\u2019Institut de sondage Ipsos.<\/p>\n<p data-t=\"{&quot;n&quot;:&quot;blueLinks&quot;,&quot;t&quot;:13,&quot;a&quot;:&quot;click&quot;,&quot;b&quot;:76}\">Dans un contexte de d\u00e9fiance g\u00e9n\u00e9ralis\u00e9e envers Emmanuel Macron, dont la cote de popularit\u00e9 est au plus bas depuis son arriv\u00e9e au pouvoir en 2017 (environ 77% de m\u00e9contents selon un r\u00e9cent sondage), plusieurs \u00e9ch\u00e9ances plaident pour une vacance courte.<\/p>\n<p data-t=\"{&quot;n&quot;:&quot;blueLinks&quot;,&quot;t&quot;:13,&quot;a&quot;:&quot;click&quot;,&quot;b&quot;:76}\">Un mouvement \u00ab\u00a0<em>citoyen<\/em>\u00ab\u00a0, n\u00e9 durant l\u2019\u00e9t\u00e9 sur les r\u00e9seaux sociaux sous le slogan \u00ab\u00a0<em>Bloquons tout<\/em>\u00ab\u00a0, soutenu par certains syndicats et la gauche radicale, a appel\u00e9 \u00e0 paralyser le pays mercredi. Mais la port\u00e9e r\u00e9elle de la mobilisation \u2013 qui rappelle \u00e0 certains \u00e9gards celui des \u00ab\u00a0<em>gilets jaunes<\/em>\u00a0\u00bb qui a secou\u00e9 la France en 2018-2019 \u2013 reste incertaine.<\/p>\n<p data-t=\"{&quot;n&quot;:&quot;blueLinks&quot;,&quot;t&quot;:13,&quot;a&quot;:&quot;click&quot;,&quot;b&quot;:76}\">Toutes les organisations syndicales ont par ailleurs appel\u00e9 \u00e0 la gr\u00e8ve et aux manifestations le 18 septembre.<\/p>\n<p data-t=\"{&quot;n&quot;:&quot;blueLinks&quot;,&quot;t&quot;:13,&quot;a&quot;:&quot;click&quot;,&quot;b&quot;:76}\">Vendredi, l\u2019agence Fitch doit, elle, annoncer la note de la dette fran\u00e7aise, avec une possible d\u00e9gradation dans le contexte actuel d\u2019incertitude, faisant redouter des r\u00e9percussions sur les march\u00e9s financiers.<\/p>\n","protected":false},"excerpt":{"rendered":"L\u2019Assembl\u00e9e nationale a renvers\u00e9 lundi le gouvernement du Premier ministre Fran\u00e7ois Bayrou, qui remettra mardi sa d\u00e9mission au&hellip;","protected":false},"author":1,"featured_media":5999,"comment_status":"open","ping_status":"open","sticky":false,"template":"","format":"standard","meta":{"csco_display_header_overlay":false,"csco_singular_sidebar":"","csco_page_header_type":"","csco_page_load_nextpost":"","csco_post_video_location":[],"csco_post_video_location_hash":"","csco_post_video_url":"","csco_post_video_bg_start_time":0,"csco_post_video_bg_end_time":0,"footnotes":""},"categories":[22,23],"tags":[],"class_list":{"0":"post-5998","1":"post","2":"type-post","3":"status-publish","4":"format-standard","5":"has-post-thumbnail","7":"category-actualite","8":"category-politique","9":"cs-entry","10":"cs-video-wrap"},"_links":{"self":[{"href":"https:\/\/grandslacstv.info\/index.php\/wp-json\/wp\/v2\/posts\/5998","targetHints":{"allow":["GET"]}}],"collection":[{"href":"https:\/\/grandslacstv.info\/index.php\/wp-json\/wp\/v2\/posts"}],"about":[{"href":"https:\/\/grandslacstv.info\/index.php\/wp-json\/wp\/v2\/types\/post"}],"author":[{"embeddable":true,"href":"https:\/\/grandslacstv.info\/index.php\/wp-json\/wp\/v2\/users\/1"}],"replies":[{"embeddable":true,"href":"https:\/\/grandslacstv.info\/index.php\/wp-json\/wp\/v2\/comments?post=5998"}],"version-history":[{"count":0,"href":"https:\/\/grandslacstv.info\/index.php\/wp-json\/wp\/v2\/posts\/5998\/revisions"}],"wp:featuredmedia":[{"embeddable":true,"href":"https:\/\/grandslacstv.info\/index.php\/wp-json\/"}],"wp:attachment":[{"href":"https:\/\/grandslacstv.info\/index.php\/wp-json\/wp\/v2\/media?parent=5998"}],"wp:term":[{"taxonomy":"category","embeddable":true,"href":"https:\/\/grandslacstv.info\/index.php\/wp-json\/wp\/v2\/categories?post=5998"},{"taxonomy":"post_tag","embeddable":true,"href":"https:\/\/grandslacstv.info\/index.php\/wp-json\/wp\/v2\/tags?post=5998"}],"curies":[{"name":"wp","href":"https:\/\/api.w.org\/{rel}","templated":true}]}}