{"id":5994,"date":"2025-09-08T19:57:59","date_gmt":"2025-09-08T19:57:59","guid":{"rendered":"https:\/\/grandslacstv.info\/?p=5994"},"modified":"2025-09-08T19:57:59","modified_gmt":"2025-09-08T19:57:59","slug":"la-situation-securitaire-du-pays-et-la-rentree-parlementaire-au-coeur-de-la-reunion-interinstitutionnelle-presidee-par-le-chef-de-letat","status":"publish","type":"post","link":"https:\/\/grandslacstv.info\/index.php\/2025\/09\/08\/la-situation-securitaire-du-pays-et-la-rentree-parlementaire-au-coeur-de-la-reunion-interinstitutionnelle-presidee-par-le-chef-de-letat\/","title":{"rendered":"La situation s\u00e9curitaire du pays et la rentr\u00e9e parlementaire au c\u0153ur de la r\u00e9union interinstitutionnelle pr\u00e9sid\u00e9e par Le Chef de l\u2019\u00c9tat"},"content":{"rendered":"<p>Ce lundi \u00e0 la Cit\u00e9 de l\u2019Union africaine, le pr\u00e9sident de la R\u00e9publique F\u00e9lix Antoine Tshisekedi Tshilombo a pr\u00e9sid\u00e9 une r\u00e9union interinstitutionnelle consacr\u00e9e \u00e0 l\u2019examen de la situation s\u00e9curitaire du pays et \u00e0 la rentr\u00e9e parlementaire.<\/p>\n<p>Le pr\u00e9sident de l&#8217;Assembl\u00e9e nationale Vital Kamerhe, son homologue du S\u00e9nat Jean-Michel Sama Lukonde, \u00a0la Premi\u00e8re ministre Judith Suminwa et le Pr\u00e9sident du Conseil sup\u00e9rieur de la magistrature Dieudonn\u00e9 Kamuleta ont pris part \u00e0 cette importante r\u00e9union.<\/p>\n<p>Faisant la restitution de cette s\u00e9ance de travail, le Pr\u00e9sident de la chambre basse du Parlement a indiqu\u00e9 que cette r\u00e9union des chefs des institutions au tour du Chef de l\u2019\u00c9tat \u00e9tait consacr\u00e9e \u00e0 deux questions essentielles \u00e0 savoir : la s\u00e9curit\u00e9 dans l&#8217;Est de la R\u00e9publique D\u00e9mocratique du Congo (RDC), plus particuli\u00e8rement \u00e0 Uvira, dans la province du Sud-Kivu, et la rentr\u00e9e parlementaire.<\/p>\n<p>Concernant la crise s\u00e9curitaire dans l&#8217;Est de la R\u00e9publique, Vital Kamerhe a indiqu\u00e9 que \u00ab le Chef de l\u2019\u00c9tat est pr\u00e9occup\u00e9 par cette situation et y cherche des solutions \u00e0 travers une mission gouvernementale qui est diligent\u00e9e \u00e0 Uvira, en vue de trouver la solution \u00e0 cette question. \u00bb.<\/p>\n<p>Au sujet de la rentr\u00e9e parlementaire, \u00ab le Pr\u00e9sident de la R\u00e9publique a exhort\u00e9 les Pr\u00e9sidents de l\u2019Assembl\u00e9e nationale et du S\u00e9nat d&#8217;assurer une rentr\u00e9e parlementaire sereine, ax\u00e9e sur les priorit\u00e9s nationales c&#8217;est-\u00e0-dire celles du peuple congolais \u00bb, a rapport\u00e9 Vital Kamerhe.<\/p>\n<p>Selon lui, le Chef de l\u2019\u00c9tat s\u2019attend \u00e0 \u00ab une rentr\u00e9e parlementaire qui pr\u00e9serve la souverainet\u00e9 de notre pays \u00e0 travers les discours et l&#8217;int\u00e9grit\u00e9 de notre territoire et surtout les droits humains, ainsi que la s\u00e9curit\u00e9 des nos populations \u00e0 l&#8217;Est. \u00bb.<\/p>\n<p>Dans un autre registre, la collaboration entre les deux chambres du parlement et le gouvernement, pour acc\u00e9l\u00e9rer les diff\u00e9rentes r\u00e9formes qui sont en chantier, a \u00e9t\u00e9 aussi abord\u00e9e.<\/p>\n<p>\u00ab Le Pr\u00e9sident de la R\u00e9publique voudrait qu&#8217;on imprime une nouvelle dynamique aux r\u00e9formes en cours et c&#8217;est \u00e0 travers le ministre ayant les relations avec le parlement dans ses attributions que nous allons collaborer avec Madame la Premi\u00e8re ministre et l&#8217;ensemble du gouvernement, parce que les r\u00e9formes viennent de tous les secteurs de la vie nationale \u00bb, a affirm\u00e9 Vital Kamerhe.<\/p>\n<p>En conclusion de son intervention, l\u2019\u00e9lu de Bukavu a d\u00e9clar\u00e9 : \u00ab le Chef de l&#8217;\u00c9tat voudrait absolument que nous travaillions en parfaite collaboration avec le gouvernement pour faire triompher la cause du pays. En ce moment o\u00f9 le pays est dans une phase cruciale, le Pr\u00e9sident de la R\u00e9publique continue de se d\u00e9ployer diplomatiquement pour la s\u00e9curit\u00e9 du pays\u00bb.<\/p>\n","protected":false},"excerpt":{"rendered":"Ce lundi \u00e0 la Cit\u00e9 de l\u2019Union africaine, le pr\u00e9sident de la R\u00e9publique F\u00e9lix Antoine Tshisekedi Tshilombo a&hellip;","protected":false},"author":1,"featured_media":5996,"comment_status":"open","ping_status":"open","sticky":false,"template":"","format":"standard","meta":{"csco_display_header_overlay":false,"csco_singular_sidebar":"","csco_page_header_type":"","csco_page_load_nextpost":"","csco_post_video_location":[],"csco_post_video_location_hash":"","csco_post_video_url":"","csco_post_video_bg_start_time":0,"csco_post_video_bg_end_time":0,"footnotes":""},"categories":[22,23],"tags":[],"class_list":{"0":"post-5994","1":"post","2":"type-post","3":"status-publish","4":"format-standard","5":"has-post-thumbnail","7":"category-actualite","8":"category-politique","9":"cs-entry","10":"cs-video-wrap"},"_links":{"self":[{"href":"https:\/\/grandslacstv.info\/index.php\/wp-json\/wp\/v2\/posts\/5994","targetHints":{"allow":["GET"]}}],"collection":[{"href":"https:\/\/grandslacstv.info\/index.php\/wp-json\/wp\/v2\/posts"}],"about":[{"href":"https:\/\/grandslacstv.info\/index.php\/wp-json\/wp\/v2\/types\/post"}],"author":[{"embeddable":true,"href":"https:\/\/grandslacstv.info\/index.php\/wp-json\/wp\/v2\/users\/1"}],"replies":[{"embeddable":true,"href":"https:\/\/grandslacstv.info\/index.php\/wp-json\/wp\/v2\/comments?post=5994"}],"version-history":[{"count":0,"href":"https:\/\/grandslacstv.info\/index.php\/wp-json\/wp\/v2\/posts\/5994\/revisions"}],"wp:featuredmedia":[{"embeddable":true,"href":"https:\/\/grandslacstv.info\/index.php\/wp-json\/"}],"wp:attachment":[{"href":"https:\/\/grandslacstv.info\/index.php\/wp-json\/wp\/v2\/media?parent=5994"}],"wp:term":[{"taxonomy":"category","embeddable":true,"href":"https:\/\/grandslacstv.info\/index.php\/wp-json\/wp\/v2\/categories?post=5994"},{"taxonomy":"post_tag","embeddable":true,"href":"https:\/\/grandslacstv.info\/index.php\/wp-json\/wp\/v2\/tags?post=5994"}],"curies":[{"name":"wp","href":"https:\/\/api.w.org\/{rel}","templated":true}]}}