{"id":5985,"date":"2025-09-08T19:19:00","date_gmt":"2025-09-08T19:19:00","guid":{"rendered":"https:\/\/grandslacstv.info\/?p=5985"},"modified":"2025-09-08T19:19:00","modified_gmt":"2025-09-08T19:19:00","slug":"uvira-un-mort-et-plusieurs-blesses-lors-dune-manifestation-contre-le-general-olivier-gasita","status":"publish","type":"post","link":"https:\/\/grandslacstv.info\/index.php\/2025\/09\/08\/uvira-un-mort-et-plusieurs-blesses-lors-dune-manifestation-contre-le-general-olivier-gasita\/","title":{"rendered":"Uvira : un mort et plusieurs bless\u00e9s lors d\u2019une manifestation contre le g\u00e9n\u00e9ral Olivier Gasita"},"content":{"rendered":"<p>Une manifestation organis\u00e9e ce lundi 08 septembre par des organisations de la soci\u00e9t\u00e9 civile et des mouvements citoyens \u00e0 Uvira a d\u00e9g\u00e9n\u00e9r\u00e9, faisant un mort et plusieurs bless\u00e9s, dont des enfants, selon les sources locales et militaires.<\/p>\n<p>Partis du rond-point Kavimvira, les manifestants ont march\u00e9 jusqu\u2019\u00e0 la mairie o\u00f9 ils ont remis un m\u00e9morandum au maire int\u00e9rimaire, Kifara Kapenda Kyky. Le document exige le d\u00e9part du g\u00e9n\u00e9ral <strong>Olivier Gasita<\/strong>, commandant adjoint de la 33\u1d49 R\u00e9gion militaire bas\u00e9 \u00e0 Uvira.<\/p>\n<p>D\u2019apr\u00e8s Freddy Mudeba, coordinateur adjoint de la Nouvelle Soci\u00e9t\u00e9 Civile (axe Sud-Kivu), les contestataires accusent l\u2019officier d\u2019avoir facilit\u00e9 l\u2019entr\u00e9e du M23-AFC \u00e0 Bukavu, d\u2019avoir ordonn\u00e9 des tirs contre des \u00e9l\u00e9ments Wazalendo \u00e0 Kindu, ainsi que d\u2019\u00eatre impliqu\u00e9 dans des massacres de civils.<\/p>\n<p>La situation s\u2019est tendue lorsque le cort\u00e8ge s\u2019est approch\u00e9 du bureau du secteur, situ\u00e9 \u00e0 quelques m\u00e8tres de la mairie. \u00ab Les militaires ont tir\u00e9 \u00e0 balles r\u00e9elles pour nous disperser. J\u2019ai vu deux corps \u00e9tendus et un bless\u00e9 derri\u00e8re moi \u00bb, t\u00e9moigne un manifestant qui a pr\u00e9f\u00e8r\u00e9 garder l\u2019anonymat.<\/p>\n<p>Dans un communiqu\u00e9, le sous-lieutenant Mbuyi Kalonji Reagan, porte-parole du secteur op\u00e9rationnel Sokola II Sud, fait \u00e9tat d\u2019un enfant tu\u00e9 et de neuf bless\u00e9s : quatre militaires et cinq civils. Le texte appelle la population au calme et \u00e0 ne pas c\u00e9der aux \u00ab manipulations ni aux fausses informations \u00bb.<\/p>\n<p>Pour sa part, le g\u00e9n\u00e9ral-major Sylvain Ekenge, porte-parole des FARDC, a rappel\u00e9 lors d\u2019un point de presse tenu le 6 septembre \u00e0 Kinshasa que l\u2019arm\u00e9e garde sa confiance envers le g\u00e9n\u00e9ral Gasita. \u00ab Jusqu\u2019\u00e0 preuve du contraire, il reste commandant adjoint charg\u00e9 des op\u00e9rations et du renseignement de la 33\u1d49 R\u00e9gion militaire \u00bb, a-t-il affirm\u00e9, ajoutant qu\u2019\u00ab un militaire n\u2019appartient pas \u00e0 des communaut\u00e9s, il est au service de la nation toute enti\u00e8re \u00bb.<\/p>\n<p>Malgr\u00e9 ces assurances, une partie de la population d\u2019Uvira continue de rejeter la pr\u00e9sence du g\u00e9n\u00e9ral Gasita, per\u00e7u par certains comme un symbole des dysfonctionnements s\u00e9curitaires dans cette entit\u00e9. Les acteurs de la soci\u00e9t\u00e9 civile, eux, promettent de maintenir la pression jusqu\u2019\u00e0 obtenir le d\u00e9part du g\u00e9n\u00e9ral Oliver Gasitaa.<\/p>\n<p>La tension reste vive dans cette cit\u00e9 frontali\u00e8re, r\u00e9guli\u00e8rement secou\u00e9e par des contestations populaires sur fond de conflits arm\u00e9s et de m\u00e9fiance vis-\u00e0-vis des autorit\u00e9s militaires.<\/p>\n","protected":false},"excerpt":{"rendered":"Une manifestation organis\u00e9e ce lundi 08 septembre par des organisations de la soci\u00e9t\u00e9 civile et des mouvements citoyens&hellip;","protected":false},"author":1,"featured_media":5987,"comment_status":"open","ping_status":"open","sticky":false,"template":"","format":"standard","meta":{"csco_display_header_overlay":false,"csco_singular_sidebar":"","csco_page_header_type":"","csco_page_load_nextpost":"","csco_post_video_location":[],"csco_post_video_location_hash":"","csco_post_video_url":"","csco_post_video_bg_start_time":0,"csco_post_video_bg_end_time":0,"footnotes":""},"categories":[22,21],"tags":[],"class_list":{"0":"post-5985","1":"post","2":"type-post","3":"status-publish","4":"format-standard","5":"has-post-thumbnail","7":"category-actualite","8":"category-societe","9":"cs-entry","10":"cs-video-wrap"},"_links":{"self":[{"href":"https:\/\/grandslacstv.info\/index.php\/wp-json\/wp\/v2\/posts\/5985","targetHints":{"allow":["GET"]}}],"collection":[{"href":"https:\/\/grandslacstv.info\/index.php\/wp-json\/wp\/v2\/posts"}],"about":[{"href":"https:\/\/grandslacstv.info\/index.php\/wp-json\/wp\/v2\/types\/post"}],"author":[{"embeddable":true,"href":"https:\/\/grandslacstv.info\/index.php\/wp-json\/wp\/v2\/users\/1"}],"replies":[{"embeddable":true,"href":"https:\/\/grandslacstv.info\/index.php\/wp-json\/wp\/v2\/comments?post=5985"}],"version-history":[{"count":0,"href":"https:\/\/grandslacstv.info\/index.php\/wp-json\/wp\/v2\/posts\/5985\/revisions"}],"wp:featuredmedia":[{"embeddable":true,"href":"https:\/\/grandslacstv.info\/index.php\/wp-json\/"}],"wp:attachment":[{"href":"https:\/\/grandslacstv.info\/index.php\/wp-json\/wp\/v2\/media?parent=5985"}],"wp:term":[{"taxonomy":"category","embeddable":true,"href":"https:\/\/grandslacstv.info\/index.php\/wp-json\/wp\/v2\/categories?post=5985"},{"taxonomy":"post_tag","embeddable":true,"href":"https:\/\/grandslacstv.info\/index.php\/wp-json\/wp\/v2\/tags?post=5985"}],"curies":[{"name":"wp","href":"https:\/\/api.w.org\/{rel}","templated":true}]}}