{"id":5799,"date":"2025-08-02T16:09:53","date_gmt":"2025-08-02T16:09:53","guid":{"rendered":"https:\/\/grandslacstv.info\/?p=5799"},"modified":"2025-08-02T16:09:53","modified_gmt":"2025-08-02T16:09:53","slug":"benin-talon-ecarte-toute-prolongation-de-son-mandat","status":"publish","type":"post","link":"https:\/\/grandslacstv.info\/index.php\/2025\/08\/02\/benin-talon-ecarte-toute-prolongation-de-son-mandat\/","title":{"rendered":"B\u00e9nin : Talon \u00e9carte toute prolongation de son mandat"},"content":{"rendered":"<p><strong>Le pr\u00e9sident b\u00e9ninois Patrice Talon refuse toute id\u00e9e de troisi\u00e8me mandat, malgr\u00e9 les appels de proches, a d\u00e9clar\u00e9 dimanche son porte-parole Wilfried L\u00e9andre Houngb\u00e9dji.<\/strong><\/p>\n<p>Le pr\u00e9sident b\u00e9ninois Patrice Talon ne briguera pas un nouveau mandat au terme de son second quinquennat, malgr\u00e9 les appels insistants de certains de ses proches et d\u2019une partie de l\u2019opinion. C\u2019est ce qu\u2019a affirm\u00e9 dimanche 20 juillet son porte-parole, Wilfried L\u00e9andre Houngb\u00e9dji, sur le plateau de la cha\u00eene priv\u00e9e Canal 3 B\u00e9nin.<\/p>\n<p>Selon le responsable gouvernemental, plusieurs voix internes et ext\u00e9rieures au cercle du pouvoir ont encourag\u00e9 le chef de l\u2019\u00c9tat \u00e0 envisager une modification des textes pour prolonger son s\u00e9jour \u00e0 la t\u00eate du pays. Ces suggestions s\u2019appuient sur des exemples de dirigeants africains ayant \u00ab incarn\u00e9 leur vision \u00bb au-del\u00e0 de deux mandats.<\/p>\n<p>Mais, rapporte Houngb\u00e9dji, Patrice Talon a toujours oppos\u00e9 une fin de non-recevoir \u00e0 ces propositions.<\/p>\n<p>\u00ab Il demande \u00e0 ses interlocuteurs : combien parmi vous imaginiez qu\u2019on aurait pu r\u00e9aliser autant de choses en si peu de temps ? Et si vous ne l\u2019imaginiez pas, pourquoi penser que celui ou celle qui viendra apr\u00e8s moi ne fera pas autant, voire plus ? \u00bb, a-t-il d\u00e9clar\u00e9.<\/p>\n<p>Le chef de l\u2019\u00c9tat b\u00e9ninois consid\u00e8re que les acquis du d\u00e9veloppement ne doivent pas \u00eatre compromis pour satisfaire une ambition personnelle.<\/p>\n<p>\u00ab Moi, je n\u2019aurais \u00e9t\u00e9 qu\u2019un capteur, un d\u00e9clencheur pour montrer que c\u2019est possible. Je suis convaincu qu\u2019il existe d\u2019autres B\u00e9ninois capables de faire mieux \u00bb, a-t-il confi\u00e9 \u00e0 ses collaborateurs, selon Houngb\u00e9dji.<\/p>\n<p>M\u00eame face \u00e0 l\u2019\u00e9ventualit\u00e9 d\u2019une pression populaire, Talon resterait in\u00e9branlable.<\/p>\n<p>\u00ab Les textes sont ce qu\u2019ils sont et le pr\u00e9sident a dit lui-m\u00eame : je n\u2019en ai pas envie. Le B\u00e9nin est plus grand que nous tous \u00bb, a soulign\u00e9 le porte-parole.<\/p>\n<p>Le gouvernement esp\u00e8re que cette posture contribuera \u00e0 inscrire durablement le pays dans une dynamique d\u00e9mocratique stable, o\u00f9 chaque pr\u00e9sident effectue son ou ses mandats avant de passer la main.<\/p>\n<p>La pr\u00e9sidentielle b\u00e9ninoise est pr\u00e9vue pour avril 2026, \u00e0 moins de neuf mois du scrutin. \u00c0 ce jour, aucun candidat officiel n\u2019a \u00e9t\u00e9 d\u00e9sign\u00e9 ni par la mouvance pr\u00e9sidentielle ni par l\u2019opposition, m\u00eame si plusieurs personnalit\u00e9s proches du pouvoir, comme le ministre Romuald Wadagni ou Joseph Djogb\u00e9nou, sont \u00e9voqu\u00e9es comme possibles candidats.<\/p>\n<p>L\u2019opposition, notamment le parti Les D\u00e9mocrates de l\u2019ex-pr\u00e9sident Boni Yayi, s\u2019organise pour pr\u00e9senter un candidat unique afin de maximiser ses chances. Cette p\u00e9riode pr\u00e9\u00e9lectorale, marqu\u00e9e par une certaine incertitude, sera d\u00e9cisive pour la d\u00e9finition des candidatures et la tenue d\u2019une \u00e9lection transparente et apais\u00e9e.<\/p>\n<p>APA<\/p>\n","protected":false},"excerpt":{"rendered":"Le pr\u00e9sident b\u00e9ninois Patrice Talon refuse toute id\u00e9e de troisi\u00e8me mandat, malgr\u00e9 les appels de proches, a d\u00e9clar\u00e9&hellip;","protected":false},"author":1,"featured_media":5800,"comment_status":"open","ping_status":"open","sticky":false,"template":"","format":"standard","meta":{"csco_display_header_overlay":false,"csco_singular_sidebar":"","csco_page_header_type":"","csco_page_load_nextpost":"","csco_post_video_location":[],"csco_post_video_location_hash":"","csco_post_video_url":"","csco_post_video_bg_start_time":0,"csco_post_video_bg_end_time":0,"footnotes":""},"categories":[22,23],"tags":[],"class_list":{"0":"post-5799","1":"post","2":"type-post","3":"status-publish","4":"format-standard","5":"has-post-thumbnail","7":"category-actualite","8":"category-politique","9":"cs-entry","10":"cs-video-wrap"},"_links":{"self":[{"href":"https:\/\/grandslacstv.info\/index.php\/wp-json\/wp\/v2\/posts\/5799","targetHints":{"allow":["GET"]}}],"collection":[{"href":"https:\/\/grandslacstv.info\/index.php\/wp-json\/wp\/v2\/posts"}],"about":[{"href":"https:\/\/grandslacstv.info\/index.php\/wp-json\/wp\/v2\/types\/post"}],"author":[{"embeddable":true,"href":"https:\/\/grandslacstv.info\/index.php\/wp-json\/wp\/v2\/users\/1"}],"replies":[{"embeddable":true,"href":"https:\/\/grandslacstv.info\/index.php\/wp-json\/wp\/v2\/comments?post=5799"}],"version-history":[{"count":0,"href":"https:\/\/grandslacstv.info\/index.php\/wp-json\/wp\/v2\/posts\/5799\/revisions"}],"wp:featuredmedia":[{"embeddable":true,"href":"https:\/\/grandslacstv.info\/index.php\/wp-json\/"}],"wp:attachment":[{"href":"https:\/\/grandslacstv.info\/index.php\/wp-json\/wp\/v2\/media?parent=5799"}],"wp:term":[{"taxonomy":"category","embeddable":true,"href":"https:\/\/grandslacstv.info\/index.php\/wp-json\/wp\/v2\/categories?post=5799"},{"taxonomy":"post_tag","embeddable":true,"href":"https:\/\/grandslacstv.info\/index.php\/wp-json\/wp\/v2\/tags?post=5799"}],"curies":[{"name":"wp","href":"https:\/\/api.w.org\/{rel}","templated":true}]}}