{"id":5737,"date":"2025-07-25T06:46:19","date_gmt":"2025-07-25T06:46:19","guid":{"rendered":"https:\/\/grandslacstv.info\/?p=5737"},"modified":"2025-07-25T06:46:19","modified_gmt":"2025-07-25T06:46:19","slug":"rdc-ouverture-du-proces-de-joseph-kabila-ce-vendredi-devant-la-haute-cour-militaire","status":"publish","type":"post","link":"https:\/\/grandslacstv.info\/index.php\/2025\/07\/25\/rdc-ouverture-du-proces-de-joseph-kabila-ce-vendredi-devant-la-haute-cour-militaire\/","title":{"rendered":"RDC : ouverture du proc\u00e8s de Joseph Kabila ce vendredi devant la Haute Cour militaire"},"content":{"rendered":"<p>La Haute Cour militaire ouvre ce vendredi 25 juillet \u00e0 Kinshasa, le proc\u00e8s de l\u2019ancien Pr\u00e9sident de la R\u00e9publique et s\u00e9nateur \u00e0 vie, Joseph Kabila. Selon l\u2019extrait de r\u00f4le de la Cour, l\u2019auditeur g\u00e9n\u00e9ral des FARDC retient contre lui une s\u00e9rie de charges graves : trahison, participation \u00e0 un mouvement insurrectionnel, crimes contre la paix et la s\u00e9curit\u00e9 de l\u2019humanit\u00e9, homicide intentionnel, viol, torture, d\u00e9portation et apologie de crimes.<\/p>\n<p>Ce proc\u00e8s intervient pr\u00e8s de deux mois apr\u00e8s la lev\u00e9e de ses immunit\u00e9s parlementaires, dans un climat de tension politique marqu\u00e9 par des controverses sur la r\u00e9gularit\u00e9 de la proc\u00e9dure. Le camp Kabila estime que les poursuites sont politiquement motiv\u00e9es et juridiquement contestables.<\/p>\n<p>L\u2019auditeur g\u00e9n\u00e9ral des FARDC, soutenu par l\u2019ancien ministre de la Justice \u2013 lui-m\u00eame poursuivi devant la Cour de cassation \u2013 pr\u00e9cise que les accusations portent sur le statut actuel de s\u00e9nateur \u00e0 vie de Joseph Kabila, et non sur sa p\u00e9riode en tant que chef d\u2019\u00c9tat.<\/p>\n<p>Les poursuites ont \u00e9t\u00e9 lanc\u00e9es apr\u00e8s des d\u00e9clarations m\u00e9diatiques du Pr\u00e9sident F\u00e9lix Tshisekedi, accusant son pr\u00e9d\u00e9cesseur de complicit\u00e9 avec le groupe rebelle M23, soutenu par le Rwanda. L\u2019auditorat militaire a transmis un r\u00e9quisitoire au S\u00e9nat pour solliciter la lev\u00e9e de l\u2019immunit\u00e9, visant des crimes pr\u00e9sum\u00e9s commis dans le Nord et le Sud-Kivu en lien avec l\u2019AFC\/M23.<\/p>\n<p>Une commission sp\u00e9ciale du S\u00e9nat a \u00e9t\u00e9 mise en place pour examiner les \u00e9l\u00e9ments dans un d\u00e9lai de trois jours. L\u2019auditeur militaire, auditionn\u00e9 \u00e0 huis clos le 20 mai, a accept\u00e9 de pr\u00e9senter ses preuves, tandis que Joseph Kabila \u2013 en s\u00e9jour prolong\u00e9 \u00e0 l\u2019\u00e9tranger \u2013 n\u2019a pas r\u00e9pondu aux convocations.<\/p>\n<p>Le 23 mai, le S\u00e9nat vote \u00e0 la majorit\u00e9 la lev\u00e9e de son immunit\u00e9, autorisant ainsi la poursuite judiciaire.<\/p>\n<p>Depuis l\u2019ext\u00e9rieur du pays, Joseph Kabila a accus\u00e9 le pouvoir en place de d\u00e9rives autoritaires et a annonc\u00e9 son retour, amor\u00e7ant des consultations dans l\u2019Est du pays.<\/p>\n<p><strong>Radio Okapi\u00a0<\/strong><\/p>\n","protected":false},"excerpt":{"rendered":"La Haute Cour militaire ouvre ce vendredi 25 juillet \u00e0 Kinshasa, le proc\u00e8s de l\u2019ancien Pr\u00e9sident de la&hellip;","protected":false},"author":1,"featured_media":5739,"comment_status":"open","ping_status":"open","sticky":false,"template":"","format":"standard","meta":{"csco_display_header_overlay":false,"csco_singular_sidebar":"","csco_page_header_type":"","csco_page_load_nextpost":"","csco_post_video_location":[],"csco_post_video_location_hash":"","csco_post_video_url":"","csco_post_video_bg_start_time":0,"csco_post_video_bg_end_time":0,"footnotes":""},"categories":[22,23],"tags":[],"class_list":{"0":"post-5737","1":"post","2":"type-post","3":"status-publish","4":"format-standard","5":"has-post-thumbnail","7":"category-actualite","8":"category-politique","9":"cs-entry","10":"cs-video-wrap"},"_links":{"self":[{"href":"https:\/\/grandslacstv.info\/index.php\/wp-json\/wp\/v2\/posts\/5737","targetHints":{"allow":["GET"]}}],"collection":[{"href":"https:\/\/grandslacstv.info\/index.php\/wp-json\/wp\/v2\/posts"}],"about":[{"href":"https:\/\/grandslacstv.info\/index.php\/wp-json\/wp\/v2\/types\/post"}],"author":[{"embeddable":true,"href":"https:\/\/grandslacstv.info\/index.php\/wp-json\/wp\/v2\/users\/1"}],"replies":[{"embeddable":true,"href":"https:\/\/grandslacstv.info\/index.php\/wp-json\/wp\/v2\/comments?post=5737"}],"version-history":[{"count":0,"href":"https:\/\/grandslacstv.info\/index.php\/wp-json\/wp\/v2\/posts\/5737\/revisions"}],"wp:featuredmedia":[{"embeddable":true,"href":"https:\/\/grandslacstv.info\/index.php\/wp-json\/"}],"wp:attachment":[{"href":"https:\/\/grandslacstv.info\/index.php\/wp-json\/wp\/v2\/media?parent=5737"}],"wp:term":[{"taxonomy":"category","embeddable":true,"href":"https:\/\/grandslacstv.info\/index.php\/wp-json\/wp\/v2\/categories?post=5737"},{"taxonomy":"post_tag","embeddable":true,"href":"https:\/\/grandslacstv.info\/index.php\/wp-json\/wp\/v2\/tags?post=5737"}],"curies":[{"name":"wp","href":"https:\/\/api.w.org\/{rel}","templated":true}]}}