{"id":5707,"date":"2025-07-23T20:16:19","date_gmt":"2025-07-23T20:16:19","guid":{"rendered":"https:\/\/grandslacstv.info\/?p=5707"},"modified":"2025-07-23T20:16:19","modified_gmt":"2025-07-23T20:16:19","slug":"rwanda-le-president-paul-kagame-nomme-justin-nsengiyumva-nouveau-premier-ministre","status":"publish","type":"post","link":"https:\/\/grandslacstv.info\/index.php\/2025\/07\/23\/rwanda-le-president-paul-kagame-nomme-justin-nsengiyumva-nouveau-premier-ministre\/","title":{"rendered":"Rwanda : Le pr\u00e9sident Paul Kagame nomme Justin Nsengiyumva nouveau Premier ministre"},"content":{"rendered":"<p><strong>Premier ministre, en remplacement d\u2019\u00c9douard Ngirente.\u00a0<\/strong><\/p>\n<p>Le pr\u00e9sident Kagame a nomm\u00e9 ce mercredi le Dr Justin Nsengiyumva au poste de Premier ministre, selon un communiqu\u00e9 officiel de la pr\u00e9sidence de la R\u00e9publique parvenu \u00e0 APA.<\/p>\n<p>Le Dr Nsengiyumva succ\u00e8de \u00e0 \u00c9douard Ngirente, en fonction depuis 2017.<\/p>\n<p>Jusqu\u2019\u00e0 sa nomination, Justin Nsengiyumva occupait le poste de vice-gouverneur de la Banque nationale du Rwanda (BNR), fonction \u00e0 laquelle il avait \u00e9t\u00e9 nomm\u00e9 en f\u00e9vrier dernier. Il a pr\u00e9c\u00e9demment \u00e9t\u00e9 secr\u00e9taire permanent au minist\u00e8re du Commerce et de l\u2019Industrie, ainsi qu\u2019au minist\u00e8re de l\u2019\u00c9ducation.<\/p>\n<p>Titulaire d\u2019un doctorat en \u00e9conomie obtenu \u00e0 l\u2019Universit\u00e9 de Leicester, au Royaume-Uni, il a \u00e9galement travaill\u00e9 dans ce pays comme responsable de la politique et du d\u00e9veloppement de la recherche chez Refugee Action et si\u00e9g\u00e9 au conseil d\u2019administration de l\u2019unit\u00e9 d\u2019aide \u00e0 l\u2019immigration du Grand Manchester.<\/p>\n<p>Le Rwanda, salu\u00e9 pour sa stabilit\u00e9 institutionnelle dans la r\u00e9gion des Grands Lacs, continue ainsi d\u2019ajuster son appareil gouvernemental pour renforcer la mise en \u0153uvre des priorit\u00e9s nationales en mati\u00e8re de d\u00e9veloppement, de transformation num\u00e9rique et de gouvernance.<\/p>\n","protected":false},"excerpt":{"rendered":"Premier ministre, en remplacement d\u2019\u00c9douard Ngirente.\u00a0 Le pr\u00e9sident Kagame a nomm\u00e9 ce mercredi le Dr Justin Nsengiyumva au&hellip;","protected":false},"author":1,"featured_media":5708,"comment_status":"open","ping_status":"open","sticky":false,"template":"","format":"standard","meta":{"csco_display_header_overlay":false,"csco_singular_sidebar":"","csco_page_header_type":"","csco_page_load_nextpost":"","csco_post_video_location":[],"csco_post_video_location_hash":"","csco_post_video_url":"","csco_post_video_bg_start_time":0,"csco_post_video_bg_end_time":0,"footnotes":""},"categories":[22,23],"tags":[],"class_list":{"0":"post-5707","1":"post","2":"type-post","3":"status-publish","4":"format-standard","5":"has-post-thumbnail","7":"category-actualite","8":"category-politique","9":"cs-entry","10":"cs-video-wrap"},"_links":{"self":[{"href":"https:\/\/grandslacstv.info\/index.php\/wp-json\/wp\/v2\/posts\/5707","targetHints":{"allow":["GET"]}}],"collection":[{"href":"https:\/\/grandslacstv.info\/index.php\/wp-json\/wp\/v2\/posts"}],"about":[{"href":"https:\/\/grandslacstv.info\/index.php\/wp-json\/wp\/v2\/types\/post"}],"author":[{"embeddable":true,"href":"https:\/\/grandslacstv.info\/index.php\/wp-json\/wp\/v2\/users\/1"}],"replies":[{"embeddable":true,"href":"https:\/\/grandslacstv.info\/index.php\/wp-json\/wp\/v2\/comments?post=5707"}],"version-history":[{"count":0,"href":"https:\/\/grandslacstv.info\/index.php\/wp-json\/wp\/v2\/posts\/5707\/revisions"}],"wp:featuredmedia":[{"embeddable":true,"href":"https:\/\/grandslacstv.info\/index.php\/wp-json\/"}],"wp:attachment":[{"href":"https:\/\/grandslacstv.info\/index.php\/wp-json\/wp\/v2\/media?parent=5707"}],"wp:term":[{"taxonomy":"category","embeddable":true,"href":"https:\/\/grandslacstv.info\/index.php\/wp-json\/wp\/v2\/categories?post=5707"},{"taxonomy":"post_tag","embeddable":true,"href":"https:\/\/grandslacstv.info\/index.php\/wp-json\/wp\/v2\/tags?post=5707"}],"curies":[{"name":"wp","href":"https:\/\/api.w.org\/{rel}","templated":true}]}}