{"id":5690,"date":"2025-07-23T05:59:04","date_gmt":"2025-07-23T05:59:04","guid":{"rendered":"https:\/\/grandslacstv.info\/?p=5690"},"modified":"2025-07-23T05:59:04","modified_gmt":"2025-07-23T05:59:04","slug":"rdc-rwanda-trois-dates-cles-dans-la-mise-en-oeuvre-de-laccord-de-washington-par-john-masebi","status":"publish","type":"post","link":"https:\/\/grandslacstv.info\/index.php\/2025\/07\/23\/rdc-rwanda-trois-dates-cles-dans-la-mise-en-oeuvre-de-laccord-de-washington-par-john-masebi\/","title":{"rendered":"RDC-Rwanda : trois dates cl\u00e9s dans la mise en \u0153uvre de l\u2019Accord de Washington (Par John Masebi)"},"content":{"rendered":"<p>L\u2019accord de paix sign\u00e9 le 27 juin 2025 \u00e0 Washington entre la R\u00e9publique d\u00e9mocratique du Congo et le Rwanda mentionne, dans le cadre de sa mise en \u0153uvre, trois dates cl\u00e9s qui co\u00efncident avec l\u2019\u00e9tablissement d\u2019autant de m\u00e9canismes et processus cens\u00e9s conduire au r\u00e9tablissement d\u2019une paix durable dans la r\u00e9gion.<\/p>\n<p>Ces instruments et processus sont le M\u00e9canisme conjoint de coordination de la s\u00e9curit\u00e9 entre la RDC et le Rwanda, le comit\u00e9 de surveillance conjointe et le cadre d\u2019int\u00e9gration \u00e9conomique r\u00e9gionale.<\/p>\n<p>\u00ab Les Parties \u00e9tablissent et conviennent de lancer, dans un d\u00e9lai de 30 jours \u00e0 compter de l\u2019entr\u00e9e en vigueur du pr\u00e9sent accord, un m\u00e9canisme conjoint de coordination de la s\u00e9curit\u00e9 entre la RDC et le Rwanda qui fonctionnera uniquement conform\u00e9ment aux conditions arr\u00eat\u00e9es entre les Parties \u00bb, peut-on lire au point 3 de l\u2019Accord.<\/p>\n<p>Le M\u00e9canisme conjoint de s\u00e9curit\u00e9 a pour but de cr\u00e9er des proc\u00e9dures op\u00e9rationnelles communes et des m\u00e9canismes d\u2019\u00e9tablissement de rapports pour assurer la transparence de l\u2019ampleur et de la port\u00e9e des op\u00e9rations entre les deux pays.<\/p>\n<p>Il est, en outre, r\u00e9gi par les principes suivants et le plan de mise en \u0153uvre figurant \u00e0 l\u2019annexe de l\u2019Accord de Washington, \u00e0 savoir : la fin irr\u00e9versible et v\u00e9rifiable du soutien de l\u2019\u00c9tat aux FDLR et aux groupes arm\u00e9s associ\u00e9s, et l\u2019interdiction totale de tout soutien mat\u00e9riel, logistique, financier ou autre, qu\u2019il soit national ou \u00e9tranger, \u00e0 ces derniers.<\/p>\n<p>Ensuite, un engagement \u00e0 identifier, \u00e9valuer, localiser et neutraliser conform\u00e9ment aux dispositions pertinentes du Plan harmonis\u00e9 de neutralisation des FDLR et de d\u00e9sengagement des forces\/lev\u00e9e des mesures d\u00e9fensives par le Rwanda (CONOPS) du 31 octobre 2024, d\u00e9coulant du processus de Luanda.<\/p>\n<p>Puis, un engagement \u00e0 s\u2019appuyer sur les accords de coop\u00e9ration bilat\u00e9rale en mati\u00e8re de s\u00e9curit\u00e9 d\u00e9j\u00e0 couronn\u00e9s de succ\u00e8s, dans le cadre desquels les op\u00e9rations sont cibl\u00e9es, ponctuelles et cibl\u00e9es sur une menace sp\u00e9cifique. Et enfin, la protection des civils et le respect du droit international humanitaire.<\/p>\n<p>Depuis la signature de l\u2019Accord dans la capitale am\u00e9ricaine, 25 jours se sont \u00e9coul\u00e9s. Il en reste donc th\u00e9oriquement cinq jours pour la mise en place et le lancement de ce M\u00e9canisme conjoint de coordination de la s\u00e9curit\u00e9.<\/p>\n<p>Le deuxi\u00e8me instrument est le Comit\u00e9 de surveillance conjointe qui, lui, est cens\u00e9 \u00eatre sur pied d\u00e9j\u00e0 en vertu de l\u2019accord (point 7, alin\u00e9a a). Par ailleurs, sa premi\u00e8re r\u00e9union est pr\u00e9vue au plus tard 45 jours apr\u00e8s l\u2019entr\u00e9e en vigueur du trait\u00e9, et est pr\u00e9vu \u00e0 Washington.<\/p>\n<p>\u00ab La premi\u00e8re r\u00e9union du Comit\u00e9 de surveillance conjointe a lieu d\u00e8s que possible et au plus tard 45 jours apr\u00e8s l\u2019entr\u00e9e en vigueur. Les Parties envisagent d\u2019organiser la premi\u00e8re r\u00e9union du Comit\u00e9 \u00e0 Washington \u00bb, indique le document.<\/p>\n<p>Les parties signataires ont donc th\u00e9oriquement jusqu\u2019au 10 ao\u00fbt pour cette rencontre importante.<\/p>\n<p>Enfin, l\u2019accord a pr\u00e9vu le lancement \u00ab dans les trois mois \u00bb apr\u00e8s son entr\u00e9e en vigueur, d\u2019un cadre d\u2019int\u00e9gration \u00e9conomique r\u00e9gionale.<\/p>\n<p>\u00ab Les Parties conviennent de lancer, dans les trois mois suivant l\u2019entr\u00e9e en vigueur du pr\u00e9sent Accord, le cadre d\u2019int\u00e9gration \u00e9conomique r\u00e9gionale en plusieurs \u00e9tapes qui sera d\u00e9fini dans un accord distinct intitul\u00e9 \u2033cadre d\u2019int\u00e9gration \u00e9conomique r\u00e9gionale\u2033 \u00bb, lit-on.<\/p>\n<p>Ledit cadre s\u2019appuie sur les efforts existants, notamment la Zone de libre-\u00e9change continentale africaine (Zlecaf), la Conf\u00e9rence internationale sur la r\u00e9gion des Grands Lacs (CIRGL) et la Communaut\u00e9 d\u2019Afrique de l\u2019Est (CAE).<\/p>\n<p>Les Parties signataires sont cens\u00e9es utiliser ce cadre pour d\u00e9velopper le commerce ext\u00e9rieur et les investissements provenant des cha\u00eenes d\u2019approvisionnement de la r\u00e9gion en minerais critiques et introduire une plus grande transparence, ce qui, esp\u00e8re-t-on, va bloquer les canaux \u00e9conomiques illicites et procurer davantage de prosp\u00e9rit\u00e9 aux deux parties \u00ab gr\u00e2ce \u00e0 des partenariats mutuellement b\u00e9n\u00e9fiques et des opportunit\u00e9s d\u2019investissement \u00bb.<\/p>\n","protected":false},"excerpt":{"rendered":"L\u2019accord de paix sign\u00e9 le 27 juin 2025 \u00e0 Washington entre la R\u00e9publique d\u00e9mocratique du Congo et le&hellip;","protected":false},"author":1,"featured_media":5691,"comment_status":"open","ping_status":"open","sticky":false,"template":"","format":"standard","meta":{"csco_display_header_overlay":false,"csco_singular_sidebar":"","csco_page_header_type":"","csco_page_load_nextpost":"","csco_post_video_location":[],"csco_post_video_location_hash":"","csco_post_video_url":"","csco_post_video_bg_start_time":0,"csco_post_video_bg_end_time":0,"footnotes":""},"categories":[22,23],"tags":[],"class_list":{"0":"post-5690","1":"post","2":"type-post","3":"status-publish","4":"format-standard","5":"has-post-thumbnail","7":"category-actualite","8":"category-politique","9":"cs-entry","10":"cs-video-wrap"},"_links":{"self":[{"href":"https:\/\/grandslacstv.info\/index.php\/wp-json\/wp\/v2\/posts\/5690","targetHints":{"allow":["GET"]}}],"collection":[{"href":"https:\/\/grandslacstv.info\/index.php\/wp-json\/wp\/v2\/posts"}],"about":[{"href":"https:\/\/grandslacstv.info\/index.php\/wp-json\/wp\/v2\/types\/post"}],"author":[{"embeddable":true,"href":"https:\/\/grandslacstv.info\/index.php\/wp-json\/wp\/v2\/users\/1"}],"replies":[{"embeddable":true,"href":"https:\/\/grandslacstv.info\/index.php\/wp-json\/wp\/v2\/comments?post=5690"}],"version-history":[{"count":0,"href":"https:\/\/grandslacstv.info\/index.php\/wp-json\/wp\/v2\/posts\/5690\/revisions"}],"wp:featuredmedia":[{"embeddable":true,"href":"https:\/\/grandslacstv.info\/index.php\/wp-json\/"}],"wp:attachment":[{"href":"https:\/\/grandslacstv.info\/index.php\/wp-json\/wp\/v2\/media?parent=5690"}],"wp:term":[{"taxonomy":"category","embeddable":true,"href":"https:\/\/grandslacstv.info\/index.php\/wp-json\/wp\/v2\/categories?post=5690"},{"taxonomy":"post_tag","embeddable":true,"href":"https:\/\/grandslacstv.info\/index.php\/wp-json\/wp\/v2\/tags?post=5690"}],"curies":[{"name":"wp","href":"https:\/\/api.w.org\/{rel}","templated":true}]}}