{"id":5395,"date":"2025-07-05T23:08:13","date_gmt":"2025-07-05T23:08:13","guid":{"rendered":"https:\/\/grandslacstv.info\/?p=5395"},"modified":"2025-07-05T23:08:13","modified_gmt":"2025-07-05T23:08:13","slug":"5395-2","status":"publish","type":"post","link":"https:\/\/grandslacstv.info\/index.php\/2025\/07\/05\/5395-2\/","title":{"rendered":"RDC-Rwanda : Thomas Luhaka regrette le \u00ab bradage \u00bb de la r\u00e9solution de l\u2019ONU dans l\u2019accord de paix de Washington"},"content":{"rendered":"<p>Dans une lettre ouverte publi\u00e9e hier vendredi, l\u2019ancien ministre congolais Thomas Luhaka Losendjola exprime ses \u00ab pr\u00e9occupations \u00bb sur l\u2019accord de paix sign\u00e9 \u00e0 Washington le 27 juin entre la R\u00e9publique d\u00e9mocratique du Congo et le Rwanda. Il accuse le gouvernement congolais d\u2019avoir renonc\u00e9 aux acquis de la r\u00e9solution 2773 du Conseil de s\u00e9curit\u00e9 de l\u2019ONU, qui exigeait le retrait imm\u00e9diat et inconditionnel des troupes rwandaises du territoire congolais.<\/p>\n<p>\u00ab Quelle n\u2019a pas \u00e9t\u00e9 ma d\u00e9sagr\u00e9able surprise de d\u00e9couvrir qu\u2019au lieu d\u2019obtenir l\u2019application de la r\u00e9solution 2773, vous \u00eates all\u00e9 engager la R\u00e9publique [\u2026] dans un Accord qui conditionne maintenant le retrait des Forces de D\u00e9fense Rwandaise \u00e0 la lutte et \u00e0 la neutralisation des FDLR par la RDC \u00bb, \u00e9crit Luhaka dans ce courrier adress\u00e9 \u00e0 la ministre d\u2019\u00c9tat congolaise des Affaires \u00e9trang\u00e8res.<\/p>\n<p><strong>Une remise en cause du fondement diplomatique<\/strong><\/p>\n<p>Adopt\u00e9e le 21 f\u00e9vrier 2025, la r\u00e9solution 2773 exigeait \u00ab que la Force de D\u00e9fense rwandaise cesse de soutenir le M23 et se retire imm\u00e9diatement du territoire de la RDC, sans conditions pr\u00e9alables \u00bb. Thomas Luhaka consid\u00e8re que cette avanc\u00e9e diplomatique majeure a \u00e9t\u00e9 compromise par l\u2019accord sign\u00e9 \u00e0 Washington : \u00ab Le retrait des troupes rwandaises n\u2019est plus imp\u00e9ratif [\u2026] mais devient conditionnel \u00bb, insiste-t-il.<\/p>\n<p>Il cite une formulation du texte de l\u2019accord : \u00ab Les parties s\u2019engagent \u00e0 faire progresser la mise en \u0153uvre de la r\u00e9solution 2773 (2025) du Conseil de S\u00e9curit\u00e9 des Nations-Unies \u00bb, qu\u2019il consid\u00e8re comme \u00ab vague \u00bb, estimant que \u00ab cet Accord ne vise plus l\u2019application pure et simple de la r\u00e9solution 2773, mais se contente de d\u00e9clarations g\u00e9n\u00e9rales \u00bb.<\/p>\n<p><strong>Int\u00e9gration du plan de Luanda critiqu\u00e9e<\/strong><\/p>\n<p>L\u2019accord de Washington reprend le \u00ab Plan harmonis\u00e9 de Luanda \u00bb, adopt\u00e9 le 31 octobre 2024. Ce document pr\u00e9voit une coordination entre la neutralisation des FDLR par les FARDC et le d\u00e9sengagement progressif des troupes rwandaises en quatre phases. Luhaka cite le point 8 du plan : \u00ab Les FARDC doivent neutraliser les FDLR tandis que les RDF (l\u2019arm\u00e9e rwandaise) doivent d\u00e9sengager les Forces \/ Lev\u00e9e des mesures d\u00e9fensives du Rwanda \u00bb.<\/p>\n<p>Il s\u2019interroge :<\/p>\n<ul>\n<li>\u00ab Avez-vous conscience que les FDLR sont une n\u00e9buleuse ? \u00bb<\/li>\n<li>\u00ab Pourquoi avoir accept\u00e9 ce plan harmonis\u00e9 qui vient annuler tous les avantages de la r\u00e9solution 2773 ? \u00bb<\/li>\n<li>\u00ab Dois-je comprendre que tant que les FARDC n\u2019auront pas neutralis\u00e9 les FDLR, les troupes rwandaises resteront sur le sol congolais ? \u00bb<\/li>\n<\/ul>\n<p><strong>Une possible l\u00e9gitimation de la th\u00e8se rwandaise<\/strong><\/p>\n<p>Autre source d\u2019inqui\u00e9tude : l\u2019inclusion dans l\u2019accord du principe d\u2019une \u00ab fin irr\u00e9versible et v\u00e9rifiable du soutien de l\u2019\u00c9tat aux FDLR et aux groupes arm\u00e9s associ\u00e9s \u00bb. Luhaka estime que cette clause revient \u00e0 \u00ab l\u00e9gitimer la th\u00e8se rwandaise \u00bb selon laquelle la RDC aurait soutenu les FDLR. Il s\u2019\u00e9tonne : \u00ab En adoptant ce principe, la RDC ne vient-elle pas de reconna\u00eetre qu\u2019elle soutenait les FDLR ? \u00bb<\/p>\n<p><strong>L\u2019ambigu\u00eft\u00e9 de l\u2019engagement des garants<\/strong><\/p>\n<p>Enfin, il pointe le manque d\u2019obligation juridique pour les \u00c9tats garants de l\u2019accord, notamment les \u00c9tats-Unis et le Qatar. L\u2019article 7.III du texte stipule : \u00ab Le pr\u00e9sent Accord ne cr\u00e9e aucune obligation pour les \u00c9tats non Parties si\u00e9geant au Comit\u00e9 de surveillance conjointe. \u00bb<\/p>\n<p>Le Comit\u00e9 en question regroupe cinq membres : la RDC, le Rwanda, l\u2019Union africaine (facilitateur), le Qatar et les \u00c9tats-Unis. Luhaka demande : \u00ab Comme parrains de l\u2019accord, n\u2019ont-ils m\u00eame pas une obligation morale de veiller \u00e0 l\u2019application de bonne foi de l\u2019accord par la RDC et le Rwanda ? \u00bb<\/p>\n<p><strong>Trois cons\u00e9quences principales selon Luhaka<\/strong><\/p>\n<p>En conclusion, l\u2019ancien ministre r\u00e9sume les effets de l\u2019accord de Washington en trois points :<\/p>\n<ol>\n<li>Il constitue \u00ab un recul par rapport \u00e0 la r\u00e9solution 2773 du Conseil de s\u00e9curit\u00e9 \u00bb.<\/li>\n<li>Il \u00ab rend complexe le retrait des troupes rwandaises \u00bb.<\/li>\n<li>Il \u00ab valide la th\u00e8se rwandaise du soutien du gouvernement congolais aux FDLR \u00bb.<\/li>\n<\/ol>\n<p>Tout en affirmant garder de l\u2019estime pour la ministre congolaise des Affaires \u00e9trang\u00e8res, il conclut : \u00ab J\u2019esp\u00e8re que vos r\u00e9ponses vont me d\u00e9montrer le contraire \u00bb.<\/p>\n<p>C\u2019est une des premi\u00e8res critiques aussi d\u00e9taill\u00e9es adress\u00e9es au gouvernement congolais depuis la signature de l\u2019accord de Washington. Ce texte avait \u00e9t\u00e9 salu\u00e9 comme \u00ab historique \u00bb par les autorit\u00e9s de Kinshasa et les partenaires internationaux, notamment les \u00c9tats-Unis et le Qatar.<\/p>\n<p>Actualite.cd<\/p>\n","protected":false},"excerpt":{"rendered":"Dans une lettre ouverte publi\u00e9e hier vendredi, l\u2019ancien ministre congolais Thomas Luhaka Losendjola exprime ses \u00ab pr\u00e9occupations \u00bb&hellip;","protected":false},"author":1,"featured_media":5394,"comment_status":"open","ping_status":"open","sticky":false,"template":"","format":"standard","meta":{"csco_display_header_overlay":false,"csco_singular_sidebar":"","csco_page_header_type":"","csco_page_load_nextpost":"","csco_post_video_location":[],"csco_post_video_location_hash":"","csco_post_video_url":"","csco_post_video_bg_start_time":0,"csco_post_video_bg_end_time":0,"footnotes":""},"categories":[22,23],"tags":[],"class_list":{"0":"post-5395","1":"post","2":"type-post","3":"status-publish","4":"format-standard","5":"has-post-thumbnail","7":"category-actualite","8":"category-politique","9":"cs-entry","10":"cs-video-wrap"},"_links":{"self":[{"href":"https:\/\/grandslacstv.info\/index.php\/wp-json\/wp\/v2\/posts\/5395","targetHints":{"allow":["GET"]}}],"collection":[{"href":"https:\/\/grandslacstv.info\/index.php\/wp-json\/wp\/v2\/posts"}],"about":[{"href":"https:\/\/grandslacstv.info\/index.php\/wp-json\/wp\/v2\/types\/post"}],"author":[{"embeddable":true,"href":"https:\/\/grandslacstv.info\/index.php\/wp-json\/wp\/v2\/users\/1"}],"replies":[{"embeddable":true,"href":"https:\/\/grandslacstv.info\/index.php\/wp-json\/wp\/v2\/comments?post=5395"}],"version-history":[{"count":0,"href":"https:\/\/grandslacstv.info\/index.php\/wp-json\/wp\/v2\/posts\/5395\/revisions"}],"wp:featuredmedia":[{"embeddable":true,"href":"https:\/\/grandslacstv.info\/index.php\/wp-json\/"}],"wp:attachment":[{"href":"https:\/\/grandslacstv.info\/index.php\/wp-json\/wp\/v2\/media?parent=5395"}],"wp:term":[{"taxonomy":"category","embeddable":true,"href":"https:\/\/grandslacstv.info\/index.php\/wp-json\/wp\/v2\/categories?post=5395"},{"taxonomy":"post_tag","embeddable":true,"href":"https:\/\/grandslacstv.info\/index.php\/wp-json\/wp\/v2\/tags?post=5395"}],"curies":[{"name":"wp","href":"https:\/\/api.w.org\/{rel}","templated":true}]}}