{"id":5203,"date":"2025-06-27T21:44:12","date_gmt":"2025-06-27T21:44:12","guid":{"rendered":"https:\/\/grandslacstv.info\/?p=5203"},"modified":"2025-06-27T21:44:12","modified_gmt":"2025-06-27T21:44:12","slug":"rdc-rwanda-le-dossier-m23-est-pris-en-charge-via-les-pourparlers-de-doha-et-les-fdlr-par-le-dispositif-prevu-par-le-conops-adopte-a-luanda","status":"publish","type":"post","link":"https:\/\/grandslacstv.info\/index.php\/2025\/06\/27\/rdc-rwanda-le-dossier-m23-est-pris-en-charge-via-les-pourparlers-de-doha-et-les-fdlr-par-le-dispositif-prevu-par-le-conops-adopte-a-luanda\/","title":{"rendered":"RDC-Rwanda :  le dossier M23 est \u00ab pris en charge \u00bb via les pourparlers de Doha et les FDLR par le dispositif pr\u00e9vu par le CONOPS adopt\u00e9 \u00e0 Luanda"},"content":{"rendered":"<p><strong>Le ministre rwandais des Affaires \u00e9trang\u00e8res, Olivier Nduhungirehe, a affirm\u00e9 vendredi que l\u2019accord de paix sign\u00e9 \u00e0 Washington entre la R\u00e9publique d\u00e9mocratique du Congo et le Rwanda pr\u00e9voit de s\u2019appuyer sur les n\u00e9gociations en cours \u00e0 Doha entre Kinshasa et l\u2019AFC\/M23 pour r\u00e9gler le volet li\u00e9 \u00e0 ce groupe arm\u00e9 rebelle.<\/strong><\/p>\n<p>\u00ab\u202fDans l\u2019accord que nous avons sign\u00e9, nous avons repris le concept d\u2019op\u00e9ration pour la neutralisation des FDLR [\u2026] ainsi que la lev\u00e9e des mesures d\u00e9fensives du Rwanda. [\u2026] En ce qui concerne le M23, nous avons d\u00e9cid\u00e9 de nous appuyer sur les pourparlers de Doha\u202f\u00bb, a d\u00e9clar\u00e9 M. Nduhungirehe lors d\u2019une c\u00e9r\u00e9monie en pr\u00e9sence de Donald Trump.<\/p>\n<p>Les discussions men\u00e9es \u00e0 Doha entre l\u2019AFC\/M23 \u2013 un groupe arm\u00e9 actif dans l\u2019Est de la RDC et accus\u00e9 d\u2019\u00eatre soutenu par Kigali \u2013 et le gouvernement congolais visent \u00e0 aboutir \u00e0 un accord de paix distinct, qui viendrait compl\u00e9ter celui sign\u00e9 \u00e0 Washington, selon Kigali.<\/p>\n<p>Cet accord bilat\u00e9ral, parrain\u00e9 par les \u00c9tats-Unis et sign\u00e9 le 27 juin par les deux ministres des Affaires \u00e9trang\u00e8res, vise \u00e0 mettre fin \u00e0 des d\u00e9cennies de conflit dans l&#8217;Est de la RDC. Il pr\u00e9voit notamment le d\u00e9sengagement militaire, la fin du soutien aux groupes arm\u00e9s, le retour des d\u00e9plac\u00e9s, et l\u2019int\u00e9gration \u00e9conomique r\u00e9gionale.<\/p>\n<p>Mais plusieurs d\u00e9fis demeurent : le groupe FDLR, cibl\u00e9 par l\u2019accord, n\u2019est pas partie prenante des discussions, et l\u2019AFC\/M23 continue d\u2019occuper plusieurs localit\u00e9s dans les provinces du Nord et du Sud-Kivu. Le texte n\u00e9goci\u00e9 \u00e0 Doha, cens\u00e9 compl\u00e9ter l\u2019accord de Washington, n\u2019a pas encore \u00e9t\u00e9 finalis\u00e9.<\/p>\n<p>Un sommet entre les pr\u00e9sidents congolais et rwandais, F\u00e9lix Tshisekedi et Paul Kagame, est pr\u00e9vu fin juillet \u00e0 la Maison Blanche pour faire le point sur la mise en \u0153uvre des engagements.<\/p>\n<p>Actualite.cd<\/p>\n","protected":false},"excerpt":{"rendered":"Le ministre rwandais des Affaires \u00e9trang\u00e8res, Olivier Nduhungirehe, a affirm\u00e9 vendredi que l\u2019accord de paix sign\u00e9 \u00e0 Washington&hellip;","protected":false},"author":1,"featured_media":5204,"comment_status":"open","ping_status":"open","sticky":false,"template":"","format":"standard","meta":{"csco_display_header_overlay":false,"csco_singular_sidebar":"","csco_page_header_type":"","csco_page_load_nextpost":"","csco_post_video_location":[],"csco_post_video_location_hash":"","csco_post_video_url":"","csco_post_video_bg_start_time":0,"csco_post_video_bg_end_time":0,"footnotes":""},"categories":[22,23],"tags":[],"class_list":{"0":"post-5203","1":"post","2":"type-post","3":"status-publish","4":"format-standard","5":"has-post-thumbnail","7":"category-actualite","8":"category-politique","9":"cs-entry","10":"cs-video-wrap"},"_links":{"self":[{"href":"https:\/\/grandslacstv.info\/index.php\/wp-json\/wp\/v2\/posts\/5203","targetHints":{"allow":["GET"]}}],"collection":[{"href":"https:\/\/grandslacstv.info\/index.php\/wp-json\/wp\/v2\/posts"}],"about":[{"href":"https:\/\/grandslacstv.info\/index.php\/wp-json\/wp\/v2\/types\/post"}],"author":[{"embeddable":true,"href":"https:\/\/grandslacstv.info\/index.php\/wp-json\/wp\/v2\/users\/1"}],"replies":[{"embeddable":true,"href":"https:\/\/grandslacstv.info\/index.php\/wp-json\/wp\/v2\/comments?post=5203"}],"version-history":[{"count":0,"href":"https:\/\/grandslacstv.info\/index.php\/wp-json\/wp\/v2\/posts\/5203\/revisions"}],"wp:featuredmedia":[{"embeddable":true,"href":"https:\/\/grandslacstv.info\/index.php\/wp-json\/"}],"wp:attachment":[{"href":"https:\/\/grandslacstv.info\/index.php\/wp-json\/wp\/v2\/media?parent=5203"}],"wp:term":[{"taxonomy":"category","embeddable":true,"href":"https:\/\/grandslacstv.info\/index.php\/wp-json\/wp\/v2\/categories?post=5203"},{"taxonomy":"post_tag","embeddable":true,"href":"https:\/\/grandslacstv.info\/index.php\/wp-json\/wp\/v2\/tags?post=5203"}],"curies":[{"name":"wp","href":"https:\/\/api.w.org\/{rel}","templated":true}]}}