{"id":5105,"date":"2025-06-19T12:44:20","date_gmt":"2025-06-19T12:44:20","guid":{"rendered":"https:\/\/grandslacstv.info\/?p=5105"},"modified":"2025-06-19T12:44:20","modified_gmt":"2025-06-19T12:44:20","slug":"erdogan-soutient-le-droit-de-liran-a-se-defendre-contre-la-folie-et-le-terrorisme-disrael","status":"publish","type":"post","link":"https:\/\/grandslacstv.info\/index.php\/2025\/06\/19\/erdogan-soutient-le-droit-de-liran-a-se-defendre-contre-la-folie-et-le-terrorisme-disrael\/","title":{"rendered":"Erdogan soutient le droit de l\u2019Iran \u00e0 se d\u00e9fendre contre la \u00ab folie et le terrorisme \u00bb d\u2019Isra\u00ebl"},"content":{"rendered":"<p>Le pr\u00e9sident turc Recep Tayyip Erdogan a d\u00e9clar\u00e9 que la d\u00e9fense de l\u2019Iran contre le \u00ab terrorisme d\u2019\u00c9tat et la folie \u00bb d\u2019Isra\u00ebl est l\u00e9gale, naturelle et justifi\u00e9e. S\u2019adressant aux membres de son parti au pouvoir, l\u2019AKP, au Parlement, Erdogan a vivement critiqu\u00e9 les r\u00e9centes actions militaires d\u2019Isra\u00ebl et a exprim\u00e9 son soutien \u00e0 des solutions diplomatiques.<\/p>\n<p data-t=\"{&quot;n&quot;:&quot;blueLinks&quot;,&quot;t&quot;:13,&quot;a&quot;:&quot;click&quot;,&quot;b&quot;:76}\">Il a d\u00e9clar\u00e9 qu\u2019Isra\u00ebl avait lanc\u00e9 des attaques contre l\u2019Iran \u2013 le pays voisin de la Turquie \u2013 sans m\u00eame attendre la conclusion des pourparlers nucl\u00e9aires entre Washington et T\u00e9h\u00e9ran. Erdogan a soulign\u00e9 que la Turquie voulait que ces questions soient r\u00e9solues par la diplomatie et qu\u2019elle \u00e9tait pr\u00eate \u00e0 jouer un r\u00f4le dans la r\u00e9alisation de la paix.<\/p>\n<p class=\"continue-read-break\" data-t=\"{&quot;n&quot;:&quot;blueLinks&quot;,&quot;t&quot;:13,&quot;a&quot;:&quot;click&quot;,&quot;b&quot;:76}\"><span>Erdogan a \u00e9galement lanc\u00e9 une attaque cinglante contre le Premier ministre isra\u00e9lien Benjamin Netanyahu, affirmant que ses crimes \u00e0 Gaza ont m\u00eame surpass\u00e9 ceux d\u2019Adolf Hitler. Il a accus\u00e9 Netanyahu de commettre un g\u00e9nocide et d\u2019agir comme une menace majeure pour la paix r\u00e9gionale.<\/span><\/p>\n<p data-t=\"{&quot;n&quot;:&quot;blueLinks&quot;,&quot;t&quot;:13,&quot;a&quot;:&quot;click&quot;,&quot;b&quot;:76}\">Le pr\u00e9sident turc avait d\u00e9j\u00e0 discut\u00e9 des tensions croissantes avec l\u2019\u00e9mir du Qatar, Cheikh Tamim bin Hamad Al Thani, au cours duquel il avait qualifi\u00e9 Netanyahu de \u00ab plus grande menace pour la paix et la stabilit\u00e9 au Moyen-Orient \u00bb.<\/p>\n<p data-t=\"{&quot;n&quot;:&quot;blueLinks&quot;,&quot;t&quot;:13,&quot;a&quot;:&quot;click&quot;,&quot;b&quot;:76}\">Erdogan a ajout\u00e9 que la Turquie \u00e9tait activement engag\u00e9e dans les efforts diplomatiques visant \u00e0 d\u00e9samorcer la crise. Il a r\u00e9it\u00e9r\u00e9 qu\u2019Ankara s\u2019engageait \u00e0 rechercher des solutions pacifiques et continuait de tendre la main aux dirigeants r\u00e9gionaux pour mettre fin au conflit en cours<\/p>\n","protected":false},"excerpt":{"rendered":"Le pr\u00e9sident turc Recep Tayyip Erdogan a d\u00e9clar\u00e9 que la d\u00e9fense de l\u2019Iran contre le \u00ab terrorisme d\u2019\u00c9tat&hellip;","protected":false},"author":1,"featured_media":5106,"comment_status":"open","ping_status":"open","sticky":false,"template":"","format":"standard","meta":{"csco_display_header_overlay":false,"csco_singular_sidebar":"","csco_page_header_type":"","csco_page_load_nextpost":"","csco_post_video_location":[],"csco_post_video_location_hash":"","csco_post_video_url":"","csco_post_video_bg_start_time":0,"csco_post_video_bg_end_time":0,"footnotes":""},"categories":[42],"tags":[],"class_list":{"0":"post-5105","1":"post","2":"type-post","3":"status-publish","4":"format-standard","5":"has-post-thumbnail","7":"category-internationales","8":"cs-entry","9":"cs-video-wrap"},"_links":{"self":[{"href":"https:\/\/grandslacstv.info\/index.php\/wp-json\/wp\/v2\/posts\/5105","targetHints":{"allow":["GET"]}}],"collection":[{"href":"https:\/\/grandslacstv.info\/index.php\/wp-json\/wp\/v2\/posts"}],"about":[{"href":"https:\/\/grandslacstv.info\/index.php\/wp-json\/wp\/v2\/types\/post"}],"author":[{"embeddable":true,"href":"https:\/\/grandslacstv.info\/index.php\/wp-json\/wp\/v2\/users\/1"}],"replies":[{"embeddable":true,"href":"https:\/\/grandslacstv.info\/index.php\/wp-json\/wp\/v2\/comments?post=5105"}],"version-history":[{"count":0,"href":"https:\/\/grandslacstv.info\/index.php\/wp-json\/wp\/v2\/posts\/5105\/revisions"}],"wp:featuredmedia":[{"embeddable":true,"href":"https:\/\/grandslacstv.info\/index.php\/wp-json\/"}],"wp:attachment":[{"href":"https:\/\/grandslacstv.info\/index.php\/wp-json\/wp\/v2\/media?parent=5105"}],"wp:term":[{"taxonomy":"category","embeddable":true,"href":"https:\/\/grandslacstv.info\/index.php\/wp-json\/wp\/v2\/categories?post=5105"},{"taxonomy":"post_tag","embeddable":true,"href":"https:\/\/grandslacstv.info\/index.php\/wp-json\/wp\/v2\/tags?post=5105"}],"curies":[{"name":"wp","href":"https:\/\/api.w.org\/{rel}","templated":true}]}}