{"id":4892,"date":"2025-06-10T08:16:19","date_gmt":"2025-06-10T08:16:19","guid":{"rendered":"https:\/\/grandslacstv.info\/?p=4892"},"modified":"2025-06-10T08:16:19","modified_gmt":"2025-06-10T08:16:19","slug":"a-malabo-les-chefs-detat-de-la-ceeac-ordonnent-le-retrait-des-troupes-rwandaises-de-la-rdc","status":"publish","type":"post","link":"https:\/\/grandslacstv.info\/index.php\/2025\/06\/10\/a-malabo-les-chefs-detat-de-la-ceeac-ordonnent-le-retrait-des-troupes-rwandaises-de-la-rdc\/","title":{"rendered":"\u00c0 Malabo, Les Chefs d\u2019\u00c9tat de la CEEAC ordonnent le retrait des troupes rwandaises de la RDC"},"content":{"rendered":"<p>Arriv\u00e9 dans la matin\u00e9e \u00e0 Malabo, capitale de la Guin\u00e9e \u00c9quatoriale, le Pr\u00e9sident de la R\u00e9publique, F\u00e9lix Tshisekedi a pris une part active \u00e0 la 26\u00e8me Session Ordinaire de la Conf\u00e9rence des Chefs d&#8217;\u00c9tat et de Gouvernement de l&#8217;Afrique Centrale (CEEAC).<\/p>\n<p>\u00ab Consolider les acquis de la r\u00e9forme de la CEEAC pour acc\u00e9l\u00e9rer l\u2019int\u00e9gration r\u00e9gionale et la construction d\u2019une communaut\u00e9 de destin en Afrique Centrale \u00bb est le th\u00e8me choisi pour les assises de cette ann\u00e9e qui se sont tenues dans la ville de Sipopo, situ\u00e9e sur l\u2019\u00eele de Bioko.<\/p>\n<p>Au menu de cette rencontre, plusieurs points importants parmi lesquels la situation s\u00e9curitaire dans l\u2019Est de la RDC, la passation de la pr\u00e9sidence tournante de la CEEAC et la fin de mandat de l&#8217;\u00e9quipe de la commission de la CEEAC.<\/p>\n<p><img fetchpriority=\"high\" decoding=\"async\" class=\"alignnone size-full wp-image-4894\" src=\"https:\/\/grandslacstv.info\/wp-content\/uploads\/2025\/06\/WhatsApp-Image-2025-06-07-at-23.56.16-1.jpeg\" alt=\"\" width=\"1280\" height=\"820\" \/><\/p>\n<p>&nbsp;<\/p>\n<p>Apr\u00e8s les prises de parole du Dr Wenga, Repr\u00e9sentant du Secr\u00e9taire g\u00e9n\u00e9ral en Afrique Centrale et Chef du Bureau r\u00e9gional des Nations unies pour l&#8217;Afrique Centrale, Mahmoud Ali Youssouf, Pr\u00e9sident de la Commission de l&#8217;Union africaine, Gilberto da Piedade Verissimo, Pr\u00e9sident de la Commission de la CEEAC et Obiang Nguema Mbasogo, Pr\u00e9sident de Guin\u00e9e \u00c9quatoriale et Pr\u00e9sident en exercice de la CEEAC, les conf\u00e9renciers se sont retir\u00e9s pour une s\u00e9ance \u00e0 huis-clos de plus de trois heures.<\/p>\n<p><img decoding=\"async\" class=\"alignnone size-full wp-image-4895\" src=\"https:\/\/grandslacstv.info\/wp-content\/uploads\/2025\/06\/WhatsApp-Image-2025-06-07-at-23.56.17.jpeg\" alt=\"\" width=\"1280\" height=\"710\" \/><\/p>\n<p>&nbsp;<\/p>\n<p>\u00c0 l\u2019issue de ces travaux, le 26\u00e8me sommet a publi\u00e9 un communiqu\u00e9 final comprenant quelques d\u00e9cisions importantes.<\/p>\n<p>Sur la situation s\u00e9curitaire qui pr\u00e9vaut dans l\u2019Est de la RDC, les dirigeants de la CEEAC ont pris acte de l\u2019agression dont est victime la R\u00e9publique D\u00e9mocratique du Congo par le Rwanda et ont ordonn\u00e9 \u00e0 ce pays agresseur de retirer ses troupes du sol congolais.<\/p>\n<p>Concernant la passation de la pr\u00e9sidence tournante de la CEEAC, le sommet a pr\u00e9conis\u00e9 que la Guin\u00e9e \u00e9quatoriale (sortant) conserve encore la t\u00eate de l\u2019organisation, au d\u00e9triment du Rwanda, jusqu\u2019\u00e0 la r\u00e9solution de son diff\u00e9rend avec la RDC.<\/p>\n<p>&nbsp;<\/p>\n<p>Au sujet du dernier point relatif \u00e0 la fin du mandat de l&#8217;\u00e9quipe de la Commission de la CEEAC, il a \u00e9t\u00e9 d\u00e9cid\u00e9 du renouvellement des animateurs de cet organe dans trois mois.<\/p>\n<p>Le ministre de la Coop\u00e9ration r\u00e9gionale Didier Manzenga, la vice-ministre des Affaires \u00e9trang\u00e8res Gr\u00e2ce Yamba, le Haut-repr\u00e9sentant du Chef de l\u2019\u00c9tat Sumbu Sita et l\u2019ambassadrice de la RDC en Guin\u00e9e \u00e9quatoriale Jocelyne Kabengele ont accompagn\u00e9 le Pr\u00e9sident F\u00e9lix Tshisekedi \u00e0 ces assises.<\/p>\n","protected":false},"excerpt":{"rendered":"Arriv\u00e9 dans la matin\u00e9e \u00e0 Malabo, capitale de la Guin\u00e9e \u00c9quatoriale, le Pr\u00e9sident de la R\u00e9publique, F\u00e9lix Tshisekedi&hellip;","protected":false},"author":1,"featured_media":4893,"comment_status":"open","ping_status":"open","sticky":false,"template":"","format":"standard","meta":{"csco_display_header_overlay":false,"csco_singular_sidebar":"","csco_page_header_type":"","csco_page_load_nextpost":"","csco_post_video_location":[],"csco_post_video_location_hash":"","csco_post_video_url":"","csco_post_video_bg_start_time":0,"csco_post_video_bg_end_time":0,"footnotes":""},"categories":[22,23],"tags":[],"class_list":{"0":"post-4892","1":"post","2":"type-post","3":"status-publish","4":"format-standard","5":"has-post-thumbnail","7":"category-actualite","8":"category-politique","9":"cs-entry","10":"cs-video-wrap"},"_links":{"self":[{"href":"https:\/\/grandslacstv.info\/index.php\/wp-json\/wp\/v2\/posts\/4892","targetHints":{"allow":["GET"]}}],"collection":[{"href":"https:\/\/grandslacstv.info\/index.php\/wp-json\/wp\/v2\/posts"}],"about":[{"href":"https:\/\/grandslacstv.info\/index.php\/wp-json\/wp\/v2\/types\/post"}],"author":[{"embeddable":true,"href":"https:\/\/grandslacstv.info\/index.php\/wp-json\/wp\/v2\/users\/1"}],"replies":[{"embeddable":true,"href":"https:\/\/grandslacstv.info\/index.php\/wp-json\/wp\/v2\/comments?post=4892"}],"version-history":[{"count":0,"href":"https:\/\/grandslacstv.info\/index.php\/wp-json\/wp\/v2\/posts\/4892\/revisions"}],"wp:featuredmedia":[{"embeddable":true,"href":"https:\/\/grandslacstv.info\/index.php\/wp-json\/"}],"wp:attachment":[{"href":"https:\/\/grandslacstv.info\/index.php\/wp-json\/wp\/v2\/media?parent=4892"}],"wp:term":[{"taxonomy":"category","embeddable":true,"href":"https:\/\/grandslacstv.info\/index.php\/wp-json\/wp\/v2\/categories?post=4892"},{"taxonomy":"post_tag","embeddable":true,"href":"https:\/\/grandslacstv.info\/index.php\/wp-json\/wp\/v2\/tags?post=4892"}],"curies":[{"name":"wp","href":"https:\/\/api.w.org\/{rel}","templated":true}]}}