{"id":4735,"date":"2025-06-02T20:37:28","date_gmt":"2025-06-02T20:37:28","guid":{"rendered":"https:\/\/grandslacstv.info\/?p=4735"},"modified":"2025-06-02T20:37:28","modified_gmt":"2025-06-02T20:37:28","slug":"lancement-officiel-des-epreuves-hors-session-des-examens-detat-edition-2025-en-province-educationnelle-sud-kivu-2","status":"publish","type":"post","link":"https:\/\/grandslacstv.info\/index.php\/2025\/06\/02\/lancement-officiel-des-epreuves-hors-session-des-examens-detat-edition-2025-en-province-educationnelle-sud-kivu-2\/","title":{"rendered":"Lancement officiel des \u00e9preuves Hors Session des Examens d\u2019\u00c9tat, \u00e9dition 2025, en Province \u00c9ducationnelle Sud-Kivu 2"},"content":{"rendered":"\n<p><span style=\"vertical-align: inherit\"><span style=\"vertical-align: inherit\">La Province \u00c9ducationnelle Sud-Kivu 2 s&#8217;est jointe au reste du pays pour marquer le lancement officiel des examens hors session des Examens d&#8217;\u00c9tat (Exetat), \u00e9dition 2025. La c\u00e9r\u00e9monie s&#8217;est tenue au Centre Scolaire Congolais de Bujumbura, sous la pr\u00e9sidence de Son Excellence <\/span><\/span><strong><span style=\"vertical-align: inherit\"><span style=\"vertical-align: inherit\">Willy MABIKA<\/span><\/span><\/strong><span style=\"vertical-align: inherit\"><span style=\"vertical-align: inherit\"> , Ambassadeur de la R\u00e9publique D\u00e9mocratique du Congo au Burundi, assist\u00e9 de l&#8217;Inspecteur Principal Provincial Sud Kivu 2 <\/span><\/span><strong><span style=\"vertical-align: inherit\"><span style=\"vertical-align: inherit\">M\u00e9dar INGOMO ITSWENG<\/span><\/span><\/strong><span style=\"vertical-align: inherit\"><span style=\"vertical-align: inherit\"> .<\/span><\/span><\/p>\n<p><span style=\"vertical-align: inherit\"><span style=\"vertical-align: inherit\">Dans son adresse, l&#8217;ambassadeur <\/span><\/span><strong><span style=\"vertical-align: inherit\"><span style=\"vertical-align: inherit\">Willy Mabika<\/span><\/span><\/strong><span style=\"vertical-align: inherit\"><span style=\"vertical-align: inherit\"> a saisi l&#8217;occasion pour sensibiliser les finalistes sur le poids de la responsabilit\u00e9 qui repose sur leurs \u00e9paules. Il a insist\u00e9 sur le r\u00f4le crucial que ces jeunes auront \u00e0 jouer dans la reconstruction non seulement du pays, mais aussi de la citoyennet\u00e9 congolaise, appelant chacun \u00e0 devenir un acteur du changement capable de relever les d\u00e9fis de demain ce qui passe avant tout par l&#8217;\u00e9ducation.<\/span><\/span><\/p>\n<p><span style=\"vertical-align: inherit\"><span style=\"vertical-align: inherit\">Cette c\u00e9r\u00e9monie a marqu\u00e9 un moment fort du calendrier scolaire, symbolisant \u00e0 la fois l&#8217;aboutissement d&#8217;un cycle d&#8217;enseignement et l&#8217;espoir d&#8217;un avenir meilleur <\/span><\/span><strong><span style=\"vertical-align: inherit\"><span style=\"vertical-align: inherit\">pour<\/span><\/span><\/strong><span style=\"vertical-align: inherit\"><span style=\"vertical-align: inherit\"> des milliers de jeunes Congolais.<\/span><\/span><\/p>\n<p><span style=\"vertical-align: inherit\"><span style=\"vertical-align: inherit\">En 2025, <\/span><\/span><strong><span style=\"vertical-align: inherit\"><span style=\"vertical-align: inherit\">23 484 candidats<\/span><\/span><\/strong><span style=\"vertical-align: inherit\"><span style=\"vertical-align: inherit\"> , dont <\/span><\/span><strong><span style=\"vertical-align: inherit\"><span style=\"vertical-align: inherit\">9 531 filles<\/span><\/span><\/strong><span style=\"vertical-align: inherit\"><span style=\"vertical-align: inherit\"> , sont inscrits pour passer cette \u00e9preuve dans la province. Toutefois, seuls <\/span><\/span><strong><span style=\"vertical-align: inherit\"><span style=\"vertical-align: inherit\">18 793 candidats<\/span><\/span><\/strong><span style=\"vertical-align: inherit\"><span style=\"vertical-align: inherit\"> ont \u00e9t\u00e9 effectivement captur\u00e9s dans le syst\u00e8me de gestion des examens, repr\u00e9sentant <\/span><\/span><strong><span style=\"vertical-align: inherit\"><span style=\"vertical-align: inherit\">un taux de participation de 80 %<\/span><\/span><\/strong><span style=\"vertical-align: inherit\"><span style=\"vertical-align: inherit\"> .<\/span><\/span><\/p>\n<p><span style=\"vertical-align: inherit\"><span style=\"vertical-align: inherit\">Les \u00e9preuves se d\u00e9roulent dans <\/span><\/span><strong><span style=\"vertical-align: inherit\"><span style=\"vertical-align: inherit\">75 centres d&#8217;examen<\/span><\/span><\/strong><span style=\"vertical-align: inherit\"><span style=\"vertical-align: inherit\"> , r\u00e9partis dans <\/span><\/span><strong><span style=\"vertical-align: inherit\"><span style=\"vertical-align: inherit\">8 poules d&#8217;inspection<\/span><\/span><\/strong><span style=\"vertical-align: inherit\"><span style=\"vertical-align: inherit\"> :<\/span><\/span><\/p>\n<p><strong><span style=\"vertical-align: inherit\"><span style=\"vertical-align: inherit\">Fizi 1<\/span><\/span><\/strong><span style=\"vertical-align: inherit\"><span style=\"vertical-align: inherit\"> : 10 centres, dont 4 en territoire tanzanien<\/span><\/span><\/p>\n<p><strong><span style=\"vertical-align: inherit\"><span style=\"vertical-align: inherit\">Fizi 2<\/span><\/span><\/strong><span style=\"vertical-align: inherit\"><span style=\"vertical-align: inherit\">\u00a0:\u00a09 centres<\/span><\/span><\/p>\n<p><strong><span style=\"vertical-align: inherit\"><span style=\"vertical-align: inherit\">Fizi 3<\/span><\/span><\/strong><span style=\"vertical-align: inherit\"><span style=\"vertical-align: inherit\">\u00a0: 10 centres<\/span><\/span><\/p>\n<p><strong><span style=\"vertical-align: inherit\"><span style=\"vertical-align: inherit\">Fizi 4<\/span><\/span><\/strong><span style=\"vertical-align: inherit\"><span style=\"vertical-align: inherit\">\u00a0: 2 centres<\/span><\/span><\/p>\n<p><strong><span style=\"vertical-align: inherit\"><span style=\"vertical-align: inherit\">Uvira 1<\/span><\/span><\/strong><span style=\"vertical-align: inherit\"><span style=\"vertical-align: inherit\"> : 12 centres, dont 10 en territoire burundais<\/span><\/span><\/p>\n<p><strong><span style=\"vertical-align: inherit\"><span style=\"vertical-align: inherit\">Uvira 2<\/span><\/span><\/strong><span style=\"vertical-align: inherit\"><span style=\"vertical-align: inherit\">\u00a0: 11 centres<\/span><\/span><\/p>\n<p><strong><span style=\"vertical-align: inherit\"><span style=\"vertical-align: inherit\">Uvira 3<\/span><\/span><\/strong><span style=\"vertical-align: inherit\"><span style=\"vertical-align: inherit\">\u00a0:\u00a05 centres<\/span><\/span><\/p>\n<p><span style=\"vertical-align: inherit\"><span style=\"vertical-align: inherit\">Les candidats sont r\u00e9partis dans 18 options d&#8217;enseignement, couvrant \u00e9galement bien les fili\u00e8res g\u00e9n\u00e9rales que techniques.<\/span><\/span><\/p>\n<p><span style=\"vertical-align: inherit\"><span style=\"vertical-align: inherit\">Selon l&#8217;Inspecteur Principal Provincial, cette s\u00e9ance est marqu\u00e9e par la participation de profils uniques qui incarnent les valeurs fondamentales de notre syst\u00e8me \u00e9ducatif :<\/span><\/span><\/p>\n<p><em><span style=\"vertical-align: inherit\"><span style=\"vertical-align: inherit\">\u00ab Parmi les candidats figurent notamment le plus \u00e2g\u00e9, un autodidacte dont la pers\u00e9v\u00e9rance force le respect, ainsi que le plus jeune, \u00e2g\u00e9 de seulement 16 ans, porteur de l&#8217;espoir d&#8217;un avenir radieux. Il y a \u00e9galement des candidats issus des sites d&#8217;h\u00e9bergement des compatriotes r\u00e9fugi\u00e9s au Burundi, preuve de la volont\u00e9 de r\u00e9silience et d&#8217;int\u00e9gration par l&#8217;\u00e9ducation\u00bb.<\/span><\/span><\/em><\/p>\n<p><img fetchpriority=\"high\" decoding=\"async\" class=\"alignnone wp-image-4737\" src=\"https:\/\/grandslacstv.info\/wp-content\/uploads\/2025\/06\/PXL_20250602_094127990-scaled.jpg\" alt=\"\" width=\"838\" height=\"471\" \/><\/p>\n<p><span style=\"vertical-align: inherit\"><span style=\"vertical-align: inherit\">Malgr\u00e9 les d\u00e9fis s\u00e9curitaires persistants dans certaines localit\u00e9s, le Gouvernement de la R\u00e9publique D\u00e9mocratique du Congo, sous l&#8217;impulsion du Pr\u00e9sident de la R\u00e9publique et du Minist\u00e8re de l&#8217;\u00c9ducation Nationale et Nouvelle Citoyennet\u00e9, a honor\u00e9 son engagement en prenant en charge l&#8217;ensemble des frais li\u00e9s aux \u00e9valuations certifi\u00e9es, y compris cette hors session.<\/span><\/span><\/p>\n<p><span style=\"vertical-align: inherit\"><span style=\"vertical-align: inherit\">Ce geste est per\u00e7u comme une preuve tangible de l&#8217;engagement de l&#8217;\u00c9tat en faveur d&#8217;une \u00e9ducation inclusive et \u00e9quitable, accessible \u00e0 tous, m\u00eame dans les zones les plus vuln\u00e9rables.<\/span><\/span><\/p>\n<p><span style=\"vertical-align: inherit\"><span style=\"vertical-align: inherit\">Dans un climat d&#8217;optimisme et de responsabilit\u00e9, les autorit\u00e9s \u00e9ducatives de la province ont officiellement lanc\u00e9 cette session. Elles ont exhort\u00e9 les candidats \u00e0 faire preuve de discipline, de concentration et de courage, afin de franchir avec succ\u00e8s cette \u00e9tape d\u00e9terminante de leur parcours acad\u00e9mique.<\/span><\/span><\/p>\n","protected":false},"excerpt":{"rendered":"La Province \u00c9ducationnelle Sud-Kivu 2 s&#8217;est jointe au reste du pays pour marquer le lancement officiel des examens&hellip;","protected":false},"author":1,"featured_media":4736,"comment_status":"open","ping_status":"open","sticky":false,"template":"","format":"standard","meta":{"csco_display_header_overlay":false,"csco_singular_sidebar":"","csco_page_header_type":"","csco_page_load_nextpost":"","csco_post_video_location":[],"csco_post_video_location_hash":"","csco_post_video_url":"","csco_post_video_bg_start_time":0,"csco_post_video_bg_end_time":0,"footnotes":""},"categories":[22,44],"tags":[],"class_list":{"0":"post-4735","1":"post","2":"type-post","3":"status-publish","4":"format-standard","5":"has-post-thumbnail","7":"category-actualite","8":"category-culture","9":"cs-entry","10":"cs-video-wrap"},"_links":{"self":[{"href":"https:\/\/grandslacstv.info\/index.php\/wp-json\/wp\/v2\/posts\/4735","targetHints":{"allow":["GET"]}}],"collection":[{"href":"https:\/\/grandslacstv.info\/index.php\/wp-json\/wp\/v2\/posts"}],"about":[{"href":"https:\/\/grandslacstv.info\/index.php\/wp-json\/wp\/v2\/types\/post"}],"author":[{"embeddable":true,"href":"https:\/\/grandslacstv.info\/index.php\/wp-json\/wp\/v2\/users\/1"}],"replies":[{"embeddable":true,"href":"https:\/\/grandslacstv.info\/index.php\/wp-json\/wp\/v2\/comments?post=4735"}],"version-history":[{"count":0,"href":"https:\/\/grandslacstv.info\/index.php\/wp-json\/wp\/v2\/posts\/4735\/revisions"}],"wp:featuredmedia":[{"embeddable":true,"href":"https:\/\/grandslacstv.info\/index.php\/wp-json\/"}],"wp:attachment":[{"href":"https:\/\/grandslacstv.info\/index.php\/wp-json\/wp\/v2\/media?parent=4735"}],"wp:term":[{"taxonomy":"category","embeddable":true,"href":"https:\/\/grandslacstv.info\/index.php\/wp-json\/wp\/v2\/categories?post=4735"},{"taxonomy":"post_tag","embeddable":true,"href":"https:\/\/grandslacstv.info\/index.php\/wp-json\/wp\/v2\/tags?post=4735"}],"curies":[{"name":"wp","href":"https:\/\/api.w.org\/{rel}","templated":true}]}}